{"id":1820,"date":"2016-02-19T21:14:49","date_gmt":"2016-02-19T21:14:49","guid":{"rendered":"http:\/\/blogs.hoy.es\/moterosdehoy\/?p=1820"},"modified":"2016-02-19T21:14:49","modified_gmt":"2016-02-19T21:14:49","slug":"ruta-motera-en-puerto-villarreal-de-olivenza","status":"publish","type":"post","link":"https:\/\/blogs.hoy.es\/moterosdehoy\/2016\/02\/19\/ruta-motera-en-puerto-villarreal-de-olivenza\/","title":{"rendered":"Ruta Motera en Puerto Villarreal de Olivenza"},"content":{"rendered":"<p>Desde que en el 2002 se inaugur\u00f3 el <a title=\"Embalse de Alqueva en wikipedia\" href=\"https:\/\/es.wikipedia.org\/wiki\/Embalse_de_Alqueva\" target=\"_blank\" rel=\"external nofollow\">embalse de Alqueva<\/a> en nuestra vecina Portugal, disponemos dentro de Extremadura de varios \u201cPuertos Deportivos\u201d en aguas del Guadiana, y con ganas de dar a conocer todo su potencial el \u201c<a title=\"Enlace al facebook del Restaurante Embarcadero\" href=\"https:\/\/www.facebook.com\/restaurantembarcaderovillarreal\" target=\"_blank\" rel=\"external nofollow\">Restaurante Embarcadero<\/a>\u201d, sito en el Puerto Deportivo de Villarreal de Olivenza, nos ha organizado una Ruta Motera.<\/p>\n<p><a href=\"\/moterosdehoy\/wp-content\/uploads\/sites\/45\/2016\/02\/2016-02-Villarreal-de-Olivenza.jpg\"><img loading=\"lazy\" class=\"alignleft size-medium wp-image-1821\" title=\"2016-02 Villarreal de Olivenza\" src=\"\/moterosdehoy\/wp-content\/uploads\/sites\/45\/2016\/02\/2016-02-Villarreal-de-Olivenza.jpg\" alt=\"\" width=\"300\" height=\"213\" srcset=\"https:\/\/static-blogs.hoy.es\/wp-content\/uploads\/sites\/45\/2016\/02\/2016-02-Villarreal-de-Olivenza.jpg 960w, https:\/\/static-blogs.hoy.es\/wp-content\/uploads\/sites\/45\/2016\/02\/2016-02-Villarreal-de-Olivenza-300x213.jpg 300w, https:\/\/static-blogs.hoy.es\/wp-content\/uploads\/sites\/45\/2016\/02\/2016-02-Villarreal-de-Olivenza-768x546.jpg 768w\" sizes=\"(max-width: 300px) 100vw, 300px\" \/><\/a>Para ello y en colaboraci\u00f3n con el grupo motero \u201cLos Encontraos\u201d de Olivenza, nos han preparado lo que han llamado \u201cPrimer D\u00eda de Convivencia Motera Puerto Deportivo Villarreal de Olivenza\u201d, est\u00e1 claro que el nombre ya lo indica todo.<!--more--><\/p>\n<p>Tendr\u00e1 lugar el <strong>d\u00eda 27 de febrero<\/strong>, con salida desde el Hotel Heredero de <a title=\"Olivenza en wikipedia\" href=\"https:\/\/es.wikipedia.org\/wiki\/Olivenza\" target=\"_blank\" rel=\"external nofollow\">Olivenza<\/a> a las <strong>11:00 horas<\/strong>.<\/p>\n<p>La ruta ser\u00e1 Olivenza, T\u00e1liga, Villanueva del Fresno, Cheles, Villarreal de Olivenza. Donde tendr\u00e1 lugar el almuerzo con barbacoa y donde por 10 euros no te faltar\u00e1 m\u00fasica y cerveza.<\/p>\n<p>En el cartel tienes disponible un n\u00famero de tel\u00e9fono en el cual ruegan se comunique la asistencia para la comida, dado que tienen un aforo m\u00e1ximo de 300 personas.<\/p>\n<p>Todo un gran d\u00eda de convivencia motera, en el que podr\u00e1s disfrutar de buenos paisajes y de un precioso embarcadero. Si a\u00fan no lo conoces no dudes en asistir a la ruta y ver todas las actividades acu\u00e1ticas que tienen disponibles, que aunque a\u00fan no podr\u00e1s hacer uso de la mayor\u00eda de ellas, ya podr\u00e1s ir pensando en hacer un hueco con el buen tiempo para volver.<\/p>\n<p>Saludos y r\u00e1fagas.<\/p>\n<!-- AddThis Advanced Settings generic via filter on the_content --><!-- AddThis Share Buttons generic via filter on the_content -->","protected":false},"excerpt":{"rendered":"<p>Desde que en el 2002 se inaugur\u00f3 el embalse de Alqueva en nuestra vecina Portugal, disponemos dentro de Extremadura de varios \u201cPuertos Deportivos\u201d en aguas del Guadiana, y con ganas de dar a conocer todo su potencial el \u201cRestaurante Embarcadero\u201d, sito en el Puerto Deportivo de Villarreal de Olivenza, nos ha organizado una Ruta Motera. [&hellip;]<!-- AddThis Advanced Settings generic via filter on get_the_excerpt --><!-- AddThis Share Buttons generic via filter on get_the_excerpt --><\/p>\n","protected":false},"author":49,"featured_media":0,"comment_status":"open","ping_status":"closed","sticky":false,"template":"","format":"standard","meta":[],"categories":[13],"tags":[312,365,622,624,807],"_links":{"self":[{"href":"https:\/\/blogs.hoy.es\/moterosdehoy\/wp-json\/wp\/v2\/posts\/1820"}],"collection":[{"href":"https:\/\/blogs.hoy.es\/moterosdehoy\/wp-json\/wp\/v2\/posts"}],"about":[{"href":"https:\/\/blogs.hoy.es\/moterosdehoy\/wp-json\/wp\/v2\/types\/post"}],"author":[{"embeddable":true,"href":"https:\/\/blogs.hoy.es\/moterosdehoy\/wp-json\/wp\/v2\/users\/49"}],"replies":[{"embeddable":true,"href":"https:\/\/blogs.hoy.es\/moterosdehoy\/wp-json\/wp\/v2\/comments?post=1820"}],"version-history":[{"count":0,"href":"https:\/\/blogs.hoy.es\/moterosdehoy\/wp-json\/wp\/v2\/posts\/1820\/revisions"}],"wp:attachment":[{"href":"https:\/\/blogs.hoy.es\/moterosdehoy\/wp-json\/wp\/v2\/media?parent=1820"}],"wp:term":[{"taxonomy":"category","embeddable":true,"href":"https:\/\/blogs.hoy.es\/moterosdehoy\/wp-json\/wp\/v2\/categories?post=1820"},{"taxonomy":"post_tag","embeddable":true,"href":"https:\/\/blogs.hoy.es\/moterosdehoy\/wp-json\/wp\/v2\/tags?post=1820"}],"curies":[{"name":"wp","href":"https:\/\/api.w.org\/{rel}","templated":true}]}}