{"id":1823,"date":"2016-02-24T11:02:38","date_gmt":"2016-02-24T11:02:38","guid":{"rendered":"http:\/\/blogs.hoy.es\/moterosdehoy\/?p=1823"},"modified":"2016-02-24T11:02:38","modified_gmt":"2016-02-24T11:02:38","slug":"xiv-ruta-motos-y-quads-en-oliva-de-la-frontera","status":"publish","type":"post","link":"https:\/\/blogs.hoy.es\/moterosdehoy\/2016\/02\/24\/xiv-ruta-motos-y-quads-en-oliva-de-la-frontera\/","title":{"rendered":"XIV Ruta Motos y Quads en Oliva de la Frontera"},"content":{"rendered":"<p>En la localidad pacense de Oliva de la Frontera hay mucha afici\u00f3n al mundo de las dos ruedas, y dado que tienen unos paisajes maravillosos influye de gran manera en que esa afici\u00f3n tambi\u00e9n se traslade al campo y adem\u00e1s se unan los Quads.<\/p>\n<p><a href=\"\/moterosdehoy\/wp-content\/uploads\/sites\/45\/2016\/02\/2016-02-Oliva-de-la-Frontera.jpg\"><img loading=\"lazy\" class=\"alignleft size-medium wp-image-1824\" title=\"2016-02 Oliva de la Frontera\" src=\"\/moterosdehoy\/wp-content\/uploads\/sites\/45\/2016\/02\/2016-02-Oliva-de-la-Frontera.jpg\" alt=\"\" width=\"168\" height=\"300\" \/><\/a><\/p>\n<p>Una vez m\u00e1s y ya en su catorceava edici\u00f3n, nos traen un fin de semana de rutas y fiesta motera. Como en ediciones anteriores, habr\u00e1 dos rutas, una para motos de carretera y otra de campo para motos y quads. Tendr\u00e1 lugar el fin de semana del <strong>27 y 28 de febrero<\/strong>, y como es habitual en su localidad,\u00a0<strong><a title=\"Oliva de la Frontera en wikipedia\" href=\"http:\/\/es.wikipedia.org\/wiki\/Oliva_de_la_Frontera\" target=\"_blank\" rel=\"external nofollow\">Oliva de la Frontera<\/a><\/strong>\u00a0(Badajoz).<!--more--><\/p>\n<div id=\"attachment_1394\">\n<div id=\"attachment_1499\">\n<p>La concentraci\u00f3n comenzara el s\u00e1bado al medio d\u00eda, en la Caseta Municipal y se alargar\u00e1 durante el fin de semana.<\/p>\n<\/div>\n<\/div>\n<h2>Dentro del programa tienen previsto:<\/h2>\n<h3>S\u00e1bado d\u00eda 27 febrero<\/h3>\n<p>&#8211; A partir de las 16:00 horas pruebas infantiles amater (carrera de cinta- carrera lenta-cronometrada)<\/p>\n<p>&#8211; Por la noche fiesta Dj con show er\u00f3tico.<\/p>\n<h3>Domingo 28 febrero<\/h3>\n<p>&#8211; Ruta por el campo de motos\/quads (83 km aprox.) Salida a las 9:30 H<br \/>\n&#8211; Ruta por el campo de 4&#215;4 y similares (80 km aprox.) Salida a las 10:30 H<br \/>\n&#8211; Ruta por carretera (100 km aprox.)\u00a0Salida a las 11:30 H<\/p>\n<p>Todas las salidas\u00a0de rutas se realizar\u00e1n desde la CASETA MUNICIPAL, lugar donde tiene lugar la concentraci\u00f3n e inscripciones.<\/p>\n<div>\n<p>Despu\u00e9s de la comida habr\u00e1 pruebas cronometradas y entregas de premios.<\/p>\n<\/div>\n<p>Los\u00a0precios\u00a0aparecen en el cartel y depende de la modalidad de inscripci\u00f3n, oscilando\u00a0entre los 10 y 25 euros, tener en cuenta que con la inscripci\u00f3n entra desayuno, pulguitas y refrescos en puntos de control, comida (sentado en restaurante) y bolsa de bienvenida, por lo que el precio no puede estar m\u00e1s ajustado y se ha conseguido gracias a la colaboraci\u00f3n de todos los que aparecen en el cartel, que son muchos.<\/p>\n<p>Si es posible, realizar la inscripci\u00f3n por adelantado, para que el restaurante pueda hacerse una idea del n\u00famero de inscritos, el n\u00ba de cuenta es 3009 0103 59 2062488214, cuenta de la Caja Rural de Extremadura, indicar inscripci\u00f3n 14 y por supuesto el nombre. Tambi\u00e9n tienes disponible un tel\u00e9fono de contacto en el cartel, por si necesitas m\u00e1s datos, y si te vas a inscribir contacta con ellos primero.<\/p>\n<p>Seguro que se pasar\u00e1 un buen fin de semana motero.<\/p>\n<p>Saludos y r\u00e1fagas.<\/p>\n<!-- AddThis Advanced Settings generic via filter on the_content --><!-- AddThis Share Buttons generic via filter on the_content -->","protected":false},"excerpt":{"rendered":"<p>En la localidad pacense de Oliva de la Frontera hay mucha afici\u00f3n al mundo de las dos ruedas, y dado que tienen unos paisajes maravillosos influye de gran manera en que esa afici\u00f3n tambi\u00e9n se traslade al campo y adem\u00e1s se unan los Quads. Una vez m\u00e1s y ya en su catorceava edici\u00f3n, nos traen [&hellip;]<!-- AddThis Advanced Settings generic via filter on get_the_excerpt --><!-- AddThis Share Buttons generic via filter on get_the_excerpt --><\/p>\n","protected":false},"author":49,"featured_media":0,"comment_status":"open","ping_status":"closed","sticky":false,"template":"","format":"standard","meta":[],"categories":[13],"tags":[622,624,706,1032],"_links":{"self":[{"href":"https:\/\/blogs.hoy.es\/moterosdehoy\/wp-json\/wp\/v2\/posts\/1823"}],"collection":[{"href":"https:\/\/blogs.hoy.es\/moterosdehoy\/wp-json\/wp\/v2\/posts"}],"about":[{"href":"https:\/\/blogs.hoy.es\/moterosdehoy\/wp-json\/wp\/v2\/types\/post"}],"author":[{"embeddable":true,"href":"https:\/\/blogs.hoy.es\/moterosdehoy\/wp-json\/wp\/v2\/users\/49"}],"replies":[{"embeddable":true,"href":"https:\/\/blogs.hoy.es\/moterosdehoy\/wp-json\/wp\/v2\/comments?post=1823"}],"version-history":[{"count":0,"href":"https:\/\/blogs.hoy.es\/moterosdehoy\/wp-json\/wp\/v2\/posts\/1823\/revisions"}],"wp:attachment":[{"href":"https:\/\/blogs.hoy.es\/moterosdehoy\/wp-json\/wp\/v2\/media?parent=1823"}],"wp:term":[{"taxonomy":"category","embeddable":true,"href":"https:\/\/blogs.hoy.es\/moterosdehoy\/wp-json\/wp\/v2\/categories?post=1823"},{"taxonomy":"post_tag","embeddable":true,"href":"https:\/\/blogs.hoy.es\/moterosdehoy\/wp-json\/wp\/v2\/tags?post=1823"}],"curies":[{"name":"wp","href":"https:\/\/api.w.org\/{rel}","templated":true}]}}