{"id":1826,"date":"2016-02-29T19:18:17","date_gmt":"2016-02-29T19:18:17","guid":{"rendered":"http:\/\/blogs.hoy.es\/moterosdehoy\/?p=1826"},"modified":"2016-02-29T19:18:17","modified_gmt":"2016-02-29T19:18:17","slug":"ruta-a-badajoz-con-extremadura-15-50","status":"publish","type":"post","link":"https:\/\/blogs.hoy.es\/moterosdehoy\/2016\/02\/29\/ruta-a-badajoz-con-extremadura-15-50\/","title":{"rendered":"Ruta a Badajoz, con Extremadura 15-50"},"content":{"rendered":"<p>La Asociaci\u00f3n motera &#8220;<a title=\"Extremadura 15-50\" href=\"http:\/\/extremadura15-50.es\/\" target=\"_blank\" rel=\"external nofollow\">Extremadura 15-50<\/a>&#8221; realizar\u00e1 una ruta de C\u00e1ceres a Badajoz el <strong>domingo 6 de marzo<\/strong>.<\/p>\n<p><a href=\"\/moterosdehoy\/wp-content\/uploads\/sites\/45\/2016\/02\/Logo-Extremadura-15-501.jpg\"><img loading=\"lazy\" class=\"alignleft size-medium wp-image-1827\" title=\"Logo Extremadura 15-50\" src=\"\/moterosdehoy\/wp-content\/uploads\/sites\/45\/2016\/02\/Logo-Extremadura-15-501.jpg\" alt=\"\" width=\"300\" height=\"300\" srcset=\"https:\/\/static-blogs.hoy.es\/wp-content\/uploads\/sites\/45\/2016\/02\/Logo-Extremadura-15-501.jpg 304w, https:\/\/static-blogs.hoy.es\/wp-content\/uploads\/sites\/45\/2016\/02\/Logo-Extremadura-15-501-150x150.jpg 150w, https:\/\/static-blogs.hoy.es\/wp-content\/uploads\/sites\/45\/2016\/02\/Logo-Extremadura-15-501-300x300.jpg 300w\" sizes=\"(max-width: 300px) 100vw, 300px\" \/><\/a>La idea de la ruta adem\u00e1s de disfrutar de la moto, de los compa\u00f1eros moteros, y de la carretera, es realizar una visita al <a title=\"Turismo en Badajoz\" href=\"http:\/\/www.turismobadajoz.es\/\" target=\"_blank\" rel=\"external nofollow\">Badajoz monumental<\/a>.<\/p>\n<p>Tener en cuenta que la Asociaci\u00f3n <strong>Extremadura 15-50, es una asociaci\u00f3n abierta a todo tipo de motocicletas<\/strong> y que desde el enlace que dispones en la parte superior puedes acceder a inscribirte en ella. Es gratuita y puedes acceder a ventajas.<\/p>\n<p>En \u00e9sta ocasi\u00f3n realizar\u00e1n una ruta desde C\u00e1ceres hasta Badajoz, con parada en Puebla de Obando para desayunar, y posterior ruta hasta Badajoz para visitar la ciudad, pasando por el bad\u00e9n de Talavera. Para todos aquellos que se\u00e1is socios recordar inscribiros en la web para que cuenten con vuestra asistencia, para los no socios es recomendable inscribirse, aunque s\u00f3lo sea para prever la afluencia de personal y adoptar medidas de seguridad en la ruta.<\/p>\n<p>Dentro del programa tienen los siguientes horarios:<\/p>\n<div><strong>09:15 H. Salida desde la puerta de Porcelanosa, en C\u00e1ceres<\/strong>, en la carretera de M\u00e9rida.<\/div>\n<div>09:45 H. Llegada a Puebla de Obando, desayuno hasta\u00a0las 10:15 h.<\/div>\n<div>10:15 H. Se reanuda la marcha en direcci\u00f3n Montijo, Vadelacalzada, Talavera la Real, Badajoz.<\/div>\n<div>11:45 H. Llegada a Badajoz y peque\u00f1o recorrido por la ciudad, pasando por el Ayuntamiento y Puerta\u00a0de Palmas con\u00a0la intenci\u00f3n de hacer unas\u00a0fotos de grupo, por lo que se realizar\u00e1n paradas cortas en ambos lugares para tal fin. Se cruzar\u00e1 el Puente de Palmas, el Puente de la Constituci\u00f3n y subida a la Plaza Alta.<\/div>\n<div>12:15 H. Llegada a la Plaza Alta, tiempo libre para visitar la Alcazaba o tomar algo en la plaza.<\/div>\n<div>13:15\u00a0H. Salida en direcci\u00f3n C\u00e1ceres por la EX-100. A la salida y dependiendo del n\u00famero de asistentes se formar\u00e1n dos grupos para \u00a0repostar en dos gasolineras distintas\u00a0que caen de paso. Kilometraje total de la ruta 225 kil\u00f3metros.<\/div>\n<div>14:30 H. Llegada a C\u00e1ceres.<\/div>\n<div><\/div>\n<div>Aprovechando dicha ruta y visto que salen temprano desde C\u00e1ceres, <strong>desde la Asociaci\u00f3n &#8220;<a title=\"Enlace al facebook de Moteros de Hoy\" href=\"https:\/\/www.facebook.com\/moteroshoy\/\" target=\"_blank\" rel=\"external nofollow\">Moteros de Hoy<\/a>&#8221; os proponemos acompa\u00f1arlos en la visita a nuestra ciudad<\/strong>. Para ello nos reuniremos en el <a title=\"Enlace al facebook del Caf\u00e9 Bar Ruta 3.24\" href=\"https:\/\/www.facebook.com\/RUTA-324-1703706703243872\/?fref=ts\" target=\"_blank\" rel=\"external nofollow\">Caf\u00e9 Bar Ruta 3.24<\/a>, para a las 09 horas salir de ruta direcci\u00f3n Puebla de Obando, con la idea de llegar all\u00ed a las 09:45h, y poder acompa\u00f1ar a nuestros colegas moteros cacere\u00f1os. La idea es compartir un buen rato con ellos mientras se encuentren por Badajoz, y por supuesto todo el que pueda y quiera, hacer la ruta completa con ellos.<\/div>\n<p>En el Ruta 3.24 \u00a0nos obsequiar\u00e1n con migas gratis, as\u00ed que acude temprano, pues a las nueve nos vamos de ruta. Si llegas y nos hemos ido, ves hacia Puebla de Obando y all\u00ed nos encontrar\u00e1s.<\/p>\n<p>Ser\u00e1 un buen d\u00eda de convivencia motera. An\u00edmate y disfruta de la moto. Si quieres ver otras <a title=\"Concentraciones del mes de marzo\" href=\"http:\/\/www.moterosdehoy.es\/2016\/02\/28\/concentraciones-y-kdds-en-marzo-2016\/\" target=\"_blank\" rel=\"external nofollow\">concentraciones del mes clic aqu\u00ed<\/a>.<\/p>\n<p>Saludos y r\u00e1fagas.<\/p>\n<!-- AddThis Advanced Settings generic via filter on the_content --><!-- AddThis Share Buttons generic via filter on the_content -->","protected":false},"excerpt":{"rendered":"<p>La Asociaci\u00f3n motera &#8220;Extremadura 15-50&#8221; realizar\u00e1 una ruta de C\u00e1ceres a Badajoz el domingo 6 de marzo. La idea de la ruta adem\u00e1s de disfrutar de la moto, de los compa\u00f1eros moteros, y de la carretera, es realizar una visita al Badajoz monumental. Tener en cuenta que la Asociaci\u00f3n Extremadura 15-50, es una asociaci\u00f3n abierta [&hellip;]<!-- AddThis Advanced Settings generic via filter on get_the_excerpt --><!-- AddThis Share Buttons generic via filter on get_the_excerpt --><\/p>\n","protected":false},"author":49,"featured_media":0,"comment_status":"open","ping_status":"closed","sticky":false,"template":"","format":"standard","meta":[],"categories":[13],"tags":[128,383,613,622,624,696,853],"_links":{"self":[{"href":"https:\/\/blogs.hoy.es\/moterosdehoy\/wp-json\/wp\/v2\/posts\/1826"}],"collection":[{"href":"https:\/\/blogs.hoy.es\/moterosdehoy\/wp-json\/wp\/v2\/posts"}],"about":[{"href":"https:\/\/blogs.hoy.es\/moterosdehoy\/wp-json\/wp\/v2\/types\/post"}],"author":[{"embeddable":true,"href":"https:\/\/blogs.hoy.es\/moterosdehoy\/wp-json\/wp\/v2\/users\/49"}],"replies":[{"embeddable":true,"href":"https:\/\/blogs.hoy.es\/moterosdehoy\/wp-json\/wp\/v2\/comments?post=1826"}],"version-history":[{"count":0,"href":"https:\/\/blogs.hoy.es\/moterosdehoy\/wp-json\/wp\/v2\/posts\/1826\/revisions"}],"wp:attachment":[{"href":"https:\/\/blogs.hoy.es\/moterosdehoy\/wp-json\/wp\/v2\/media?parent=1826"}],"wp:term":[{"taxonomy":"category","embeddable":true,"href":"https:\/\/blogs.hoy.es\/moterosdehoy\/wp-json\/wp\/v2\/categories?post=1826"},{"taxonomy":"post_tag","embeddable":true,"href":"https:\/\/blogs.hoy.es\/moterosdehoy\/wp-json\/wp\/v2\/tags?post=1826"}],"curies":[{"name":"wp","href":"https:\/\/api.w.org\/{rel}","templated":true}]}}