{"id":1829,"date":"2016-03-06T22:03:14","date_gmt":"2016-03-06T22:03:14","guid":{"rendered":"http:\/\/blogs.hoy.es\/moterosdehoy\/?p=1829"},"modified":"2016-03-06T22:03:14","modified_gmt":"2016-03-06T22:03:14","slug":"iii-quedada-motera-en-gevora-badajoz","status":"publish","type":"post","link":"https:\/\/blogs.hoy.es\/moterosdehoy\/2016\/03\/06\/iii-quedada-motera-en-gevora-badajoz\/","title":{"rendered":"III Quedada motera en G\u00e9vora (Badajoz)"},"content":{"rendered":"<p>Por tercer a\u00f1o consecutivo el Restaurante Velo y el Motoclub G\u00e9vora The Black Rhinos, nos han preparado para el s\u00e1bado d\u00eda 12 de marzo una quedada motera en su localidad.<\/p>\n<p><a href=\"\/moterosdehoy\/wp-content\/uploads\/sites\/45\/2016\/03\/2016-03-Gevora.jpg\"><img loading=\"lazy\" class=\"alignleft size-medium wp-image-1831\" title=\"2016-03 Gevora\" src=\"\/moterosdehoy\/wp-content\/uploads\/sites\/45\/2016\/03\/2016-03-Gevora.jpg\" alt=\"\" width=\"300\" height=\"182\" srcset=\"https:\/\/static-blogs.hoy.es\/wp-content\/uploads\/sites\/45\/2016\/03\/2016-03-Gevora.jpg 750w, https:\/\/static-blogs.hoy.es\/wp-content\/uploads\/sites\/45\/2016\/03\/2016-03-Gevora-300x182.jpg 300w\" sizes=\"(max-width: 300px) 100vw, 300px\" \/><\/a>Como en las ediciones anteriores comenzar\u00e1n el d\u00eda con unas estupendas migas a las 9:30 para coger fuerzas.<!--more--><\/p>\n<p>A las 10:30 saldr\u00e1n de ruta, organizada y controlada por el grupo motero Motos&#038;Moteros.\u00a0Ser\u00e1n unos 160 kil\u00f3metros y pasar\u00e1n por las localidades de Badajoz, Olivenza, Cheles, Villanueva del Fresno, donde har\u00e1n una peque\u00f1a parada, Taliga, Valverde de Legan\u00e9s, Badajoz y denuedo G\u00e9vora. Para seguir con la convivencia, habr\u00e1 juegos moteros, barbacoa, m\u00fasica, regalos y sobretodo buen ambiente.<\/p>\n<p>Para disponer de todo ello tienes unas <strong>inscripciones de 14\u20ac<\/strong>, que estar\u00e1n disponibles desde\u00a0el s\u00e1bado 12 a las 9:00 horas, y en venta anticipada a 12\u20ac, pudiendo obtenerlas en Motoboutique (Badajoz) y Restaurante Velo (G\u00e9vora).<\/p>\n<p>Seguro que ser\u00e1 un gran d\u00eda de buena convivencia.<\/p>\n<p>Saludos y r\u00e1fagas.<\/p>\n<!-- AddThis Advanced Settings generic via filter on the_content --><!-- AddThis Share Buttons generic via filter on the_content -->","protected":false},"excerpt":{"rendered":"<p>Por tercer a\u00f1o consecutivo el Restaurante Velo y el Motoclub G\u00e9vora The Black Rhinos, nos han preparado para el s\u00e1bado d\u00eda 12 de marzo una quedada motera en su localidad. Como en las ediciones anteriores comenzar\u00e1n el d\u00eda con unas estupendas migas a las 9:30 para coger fuerzas.<!-- AddThis Advanced Settings generic via filter on get_the_excerpt --><!-- AddThis Share Buttons generic via filter on get_the_excerpt --><\/p>\n","protected":false},"author":49,"featured_media":0,"comment_status":"open","ping_status":"closed","sticky":false,"template":"","format":"standard","meta":[],"categories":[13],"tags":[622,624,656,819,839],"_links":{"self":[{"href":"https:\/\/blogs.hoy.es\/moterosdehoy\/wp-json\/wp\/v2\/posts\/1829"}],"collection":[{"href":"https:\/\/blogs.hoy.es\/moterosdehoy\/wp-json\/wp\/v2\/posts"}],"about":[{"href":"https:\/\/blogs.hoy.es\/moterosdehoy\/wp-json\/wp\/v2\/types\/post"}],"author":[{"embeddable":true,"href":"https:\/\/blogs.hoy.es\/moterosdehoy\/wp-json\/wp\/v2\/users\/49"}],"replies":[{"embeddable":true,"href":"https:\/\/blogs.hoy.es\/moterosdehoy\/wp-json\/wp\/v2\/comments?post=1829"}],"version-history":[{"count":0,"href":"https:\/\/blogs.hoy.es\/moterosdehoy\/wp-json\/wp\/v2\/posts\/1829\/revisions"}],"wp:attachment":[{"href":"https:\/\/blogs.hoy.es\/moterosdehoy\/wp-json\/wp\/v2\/media?parent=1829"}],"wp:term":[{"taxonomy":"category","embeddable":true,"href":"https:\/\/blogs.hoy.es\/moterosdehoy\/wp-json\/wp\/v2\/categories?post=1829"},{"taxonomy":"post_tag","embeddable":true,"href":"https:\/\/blogs.hoy.es\/moterosdehoy\/wp-json\/wp\/v2\/tags?post=1829"}],"curies":[{"name":"wp","href":"https:\/\/api.w.org\/{rel}","templated":true}]}}