{"id":1834,"date":"2016-03-15T16:44:41","date_gmt":"2016-03-15T16:44:41","guid":{"rendered":"http:\/\/blogs.hoy.es\/moterosdehoy\/?p=1834"},"modified":"2016-03-15T16:44:41","modified_gmt":"2016-03-15T16:44:41","slug":"vii-concentracion-motera-nogales-2","status":"publish","type":"post","link":"https:\/\/blogs.hoy.es\/moterosdehoy\/2016\/03\/15\/vii-concentracion-motera-nogales-2\/","title":{"rendered":"VII Concentraci\u00f3n motera Nogales"},"content":{"rendered":"<p>Son muchos los preparativos que hay que realizar para poder llevar a cabo una concentraci\u00f3n motera, permisos, contar con clubes moteros o pe\u00f1as, para tener asistentes&#8230; pero hay una cuesti\u00f3n que nunca se puede supervisar, pues hay que organizar las cosas a largo plazo. <a title=\"El tiempo para el domingo\" href=\"http:\/\/www.tiempo.com\/espana-domingo.htm\" target=\"_blank\" rel=\"external nofollow\">El tiempo<\/a>, pero la verdad es que est\u00e1 muy cambiante.<\/p>\n<p><a href=\"\/moterosdehoy\/wp-content\/uploads\/sites\/45\/2016\/03\/2016-03-Nogales.jpg\"><img loading=\"lazy\" class=\"alignleft size-medium wp-image-1835\" title=\"2016-03 Nogales\" src=\"\/moterosdehoy\/wp-content\/uploads\/sites\/45\/2016\/03\/2016-03-Nogales.jpg\" alt=\"\" width=\"211\" height=\"300\" srcset=\"https:\/\/static-blogs.hoy.es\/wp-content\/uploads\/sites\/45\/2016\/03\/2016-03-Nogales.jpg 678w, https:\/\/static-blogs.hoy.es\/wp-content\/uploads\/sites\/45\/2016\/03\/2016-03-Nogales-212x300.jpg 212w\" sizes=\"(max-width: 211px) 100vw, 211px\" \/><\/a>El <a title=\"Nogales\" href=\"http:\/\/www.dip-badajoz.es\/municipios\/municipio_dinamico\/inicio\/index_inicio.php?codigo=105\" target=\"_blank\" rel=\"external nofollow\">Excmo. Ayuntamiento de Nogales<\/a>\u00a0(Badajoz) y con la colaboraci\u00f3n de la Pe\u00f1a Motera La Escayola, entre otros. Nos han organizado para el <strong>domingo d\u00eda 20 de marzo<\/strong> la s\u00e9ptima concentraci\u00f3n motera en su localidad.<!--more--><\/p>\n<p>Seguir\u00e1 la misma l\u00ednea de sus ediciones anteriores y tendr\u00e1n concentraci\u00f3n para todos los gustos, para ello habr\u00e1 una ruta de campo que iniciar\u00e1 a las 10: horas y otra de carretera que partir\u00e1 a las 11:00 h. Ambas partir\u00e1n del <strong>lugar de encuentro, Plaza de la localidad de Nogales<\/strong>.<\/p>\n<p>Han preparado una inscripci\u00f3n de 10 euros, a la que podr\u00e1s acceder esa misma ma\u00f1ana desde las 09:00 h, en el lugar de encuentro, con la que tendr\u00e1s acceso a:<\/p>\n<ul>\n<li>Camiseta<\/li>\n<li>Desayuno<\/li>\n<li>Copa en ruta &#8220;Kiosko bar Plaza Santiago&#8221; (La Parra)<\/li>\n<li>Paella<\/li>\n<li>Gazpacho<\/li>\n<li>3 pinchos<\/li>\n<li>3 cervezas<\/li>\n<\/ul>\n<p>Adem\u00e1s a las 16:30 h, tendr\u00e1 lugar una actuaci\u00f3n de stunt, de la mano del oliventino &#8220;USA STUNT&#8221;. Todos los ingredientes necesarios para que tenga lugar un buen d\u00eda de convivencia motera.<\/p>\n<p>Saludos y r\u00e1fagas.<\/p>\n<p>&nbsp;<\/p>\n<!-- AddThis Advanced Settings generic via filter on the_content --><!-- AddThis Share Buttons generic via filter on the_content -->","protected":false},"excerpt":{"rendered":"<p>Son muchos los preparativos que hay que realizar para poder llevar a cabo una concentraci\u00f3n motera, permisos, contar con clubes moteros o pe\u00f1as, para tener asistentes&#8230; pero hay una cuesti\u00f3n que nunca se puede supervisar, pues hay que organizar las cosas a largo plazo. El tiempo, pero la verdad es que est\u00e1 muy cambiante. El [&hellip;]<!-- AddThis Advanced Settings generic via filter on get_the_excerpt --><!-- AddThis Share Buttons generic via filter on get_the_excerpt --><\/p>\n","protected":false},"author":49,"featured_media":0,"comment_status":"open","ping_status":"closed","sticky":false,"template":"","format":"standard","meta":[],"categories":[13],"tags":[],"_links":{"self":[{"href":"https:\/\/blogs.hoy.es\/moterosdehoy\/wp-json\/wp\/v2\/posts\/1834"}],"collection":[{"href":"https:\/\/blogs.hoy.es\/moterosdehoy\/wp-json\/wp\/v2\/posts"}],"about":[{"href":"https:\/\/blogs.hoy.es\/moterosdehoy\/wp-json\/wp\/v2\/types\/post"}],"author":[{"embeddable":true,"href":"https:\/\/blogs.hoy.es\/moterosdehoy\/wp-json\/wp\/v2\/users\/49"}],"replies":[{"embeddable":true,"href":"https:\/\/blogs.hoy.es\/moterosdehoy\/wp-json\/wp\/v2\/comments?post=1834"}],"version-history":[{"count":0,"href":"https:\/\/blogs.hoy.es\/moterosdehoy\/wp-json\/wp\/v2\/posts\/1834\/revisions"}],"wp:attachment":[{"href":"https:\/\/blogs.hoy.es\/moterosdehoy\/wp-json\/wp\/v2\/media?parent=1834"}],"wp:term":[{"taxonomy":"category","embeddable":true,"href":"https:\/\/blogs.hoy.es\/moterosdehoy\/wp-json\/wp\/v2\/categories?post=1834"},{"taxonomy":"post_tag","embeddable":true,"href":"https:\/\/blogs.hoy.es\/moterosdehoy\/wp-json\/wp\/v2\/tags?post=1834"}],"curies":[{"name":"wp","href":"https:\/\/api.w.org\/{rel}","templated":true}]}}