{"id":1836,"date":"2016-03-21T15:56:04","date_gmt":"2016-03-21T15:56:04","guid":{"rendered":"http:\/\/blogs.hoy.es\/moterosdehoy\/?p=1836"},"modified":"2016-03-21T15:56:04","modified_gmt":"2016-03-21T15:56:04","slug":"kedada-homenaje-a-portugal-en-badajoz","status":"publish","type":"post","link":"https:\/\/blogs.hoy.es\/moterosdehoy\/2016\/03\/21\/kedada-homenaje-a-portugal-en-badajoz\/","title":{"rendered":"Kedada Homenaje a Portugal, en Badajoz"},"content":{"rendered":"<p>El <a title=\"Ruta 3.24 en facebook\" href=\"https:\/\/www.facebook.com\/RUTA-324-1703706703243872\/?fref=ts\" target=\"_blank\" rel=\"external nofollow\">Caf\u00e9 Bar Ruta 3.24<\/a> nos ha preparado un homenaje a nuestra vecina Portugal.<\/p>\n<p><a href=\"\/moterosdehoy\/wp-content\/uploads\/sites\/45\/2016\/03\/2016-03-Ruta-3.24-1.jpg\"><img loading=\"lazy\" class=\"alignleft size-medium wp-image-1837\" title=\"2016-03 Ruta 3.24 1\" src=\"\/moterosdehoy\/wp-content\/uploads\/sites\/45\/2016\/03\/2016-03-Ruta-3.24-1.jpg\" alt=\"\" width=\"212\" height=\"300\" srcset=\"https:\/\/static-blogs.hoy.es\/wp-content\/uploads\/sites\/45\/2016\/03\/2016-03-Ruta-3.24-1.jpg 679w, https:\/\/static-blogs.hoy.es\/wp-content\/uploads\/sites\/45\/2016\/03\/2016-03-Ruta-3.24-1-212x300.jpg 212w\" sizes=\"(max-width: 212px) 100vw, 212px\" \/><\/a>Tendr\u00e1 lugar el d\u00eda <strong>26 de marzo<\/strong>, con visita a una preciosa localidad portuguesa, degustaci\u00f3n de comida t\u00edpica de all\u00ed y concierto de un grupo de Portalegre.<!--more--><\/p>\n<p>Dentro del programa tienen previsto:<\/p>\n<p>Desayuno a las 10,30 horas en el Ruta 3.24, con migas gratis.<\/p>\n<p>A las 11,00 horas se saldr\u00e1 hacia Vila Vi\u00e7osa, ruta de unos 60 kil\u00f3metros, donde tendr\u00e1n una parada para visitar el castillo y tomar unas fotos de las preciosas vistas del entorno.<\/p>\n<p><a href=\"\/moterosdehoy\/wp-content\/uploads\/sites\/45\/2016\/03\/2016-03-Ruta-3.24-2.jpg\"><img loading=\"lazy\" class=\"alignright size-medium wp-image-1838\" title=\"2016-03 Ruta 3.24 2\" src=\"\/moterosdehoy\/wp-content\/uploads\/sites\/45\/2016\/03\/2016-03-Ruta-3.24-2.jpg\" alt=\"\" width=\"225\" height=\"300\" srcset=\"https:\/\/static-blogs.hoy.es\/wp-content\/uploads\/sites\/45\/2016\/03\/2016-03-Ruta-3.24-2.jpg 720w, https:\/\/static-blogs.hoy.es\/wp-content\/uploads\/sites\/45\/2016\/03\/2016-03-Ruta-3.24-2-225x300.jpg 225w\" sizes=\"(max-width: 225px) 100vw, 225px\" \/><\/a>De vuelta en el Ruta, habr\u00e1 ocasi\u00f3n de degustar un plato t\u00edpico de la cocina portuguesa y, a las 17,00 horas, concierto del grupo de &#8220;RGB&#8221;, con canciones de Scopions, Led Zeppelin, AC\/DC,\u00a0Iron Maiden, Bon Jovi&#8230;<\/p>\n<p>Para participar hay una<strong> inscripci\u00f3n de TRES EUROS<\/strong>, en la que incluye la degustaci\u00f3n de comida portuguesa y el concierto. Desde la organizaci\u00f3n recuerdan que el evento no es solo para los moteros, pudiendo participar cualquier persona, que si no desea ir a la ruta puede permanecer en el local.<\/p>\n<p>En definitiva todo un programa para disfrutar de los amigos portugueses y a su vez, ellos de nosotros.<\/p>\n<p>Saludos y r\u00e1fagas.<\/p>\n<!-- AddThis Advanced Settings generic via filter on the_content --><!-- AddThis Share Buttons generic via filter on the_content -->","protected":false},"excerpt":{"rendered":"<p>El Caf\u00e9 Bar Ruta 3.24 nos ha preparado un homenaje a nuestra vecina Portugal. Tendr\u00e1 lugar el d\u00eda 26 de marzo, con visita a una preciosa localidad portuguesa, degustaci\u00f3n de comida t\u00edpica de all\u00ed y concierto de un grupo de Portalegre.<!-- AddThis Advanced Settings generic via filter on get_the_excerpt --><!-- AddThis Share Buttons generic via filter on get_the_excerpt --><\/p>\n","protected":false},"author":49,"featured_media":0,"comment_status":"open","ping_status":"closed","sticky":false,"template":"","format":"standard","meta":[],"categories":[13],"tags":[466,622,848,1011],"_links":{"self":[{"href":"https:\/\/blogs.hoy.es\/moterosdehoy\/wp-json\/wp\/v2\/posts\/1836"}],"collection":[{"href":"https:\/\/blogs.hoy.es\/moterosdehoy\/wp-json\/wp\/v2\/posts"}],"about":[{"href":"https:\/\/blogs.hoy.es\/moterosdehoy\/wp-json\/wp\/v2\/types\/post"}],"author":[{"embeddable":true,"href":"https:\/\/blogs.hoy.es\/moterosdehoy\/wp-json\/wp\/v2\/users\/49"}],"replies":[{"embeddable":true,"href":"https:\/\/blogs.hoy.es\/moterosdehoy\/wp-json\/wp\/v2\/comments?post=1836"}],"version-history":[{"count":0,"href":"https:\/\/blogs.hoy.es\/moterosdehoy\/wp-json\/wp\/v2\/posts\/1836\/revisions"}],"wp:attachment":[{"href":"https:\/\/blogs.hoy.es\/moterosdehoy\/wp-json\/wp\/v2\/media?parent=1836"}],"wp:term":[{"taxonomy":"category","embeddable":true,"href":"https:\/\/blogs.hoy.es\/moterosdehoy\/wp-json\/wp\/v2\/categories?post=1836"},{"taxonomy":"post_tag","embeddable":true,"href":"https:\/\/blogs.hoy.es\/moterosdehoy\/wp-json\/wp\/v2\/tags?post=1836"}],"curies":[{"name":"wp","href":"https:\/\/api.w.org\/{rel}","templated":true}]}}