{"id":1840,"date":"2016-03-28T21:23:47","date_gmt":"2016-03-28T21:23:47","guid":{"rendered":"http:\/\/blogs.hoy.es\/moterosdehoy\/?p=1840"},"modified":"2016-03-28T21:23:47","modified_gmt":"2016-03-28T21:23:47","slug":"vii-matine-cambalache-rock-bar","status":"publish","type":"post","link":"https:\/\/blogs.hoy.es\/moterosdehoy\/2016\/03\/28\/vii-matine-cambalache-rock-bar\/","title":{"rendered":"VII Matin\u00e9 Cambalache Rock Bar"},"content":{"rendered":"<p>Son muchas las fiestas moteras y las hay muy variadas. Para el d\u00eda <strong>02 de abril<\/strong> tenemos en <strong>C\u00e1ceres<\/strong> el aniversario de un Bar motero.<\/p>\n<p><a href=\"\/moterosdehoy\/wp-content\/uploads\/sites\/45\/2016\/03\/2016-04-Cambalache.jpg\"><img loading=\"lazy\" class=\"alignleft size-medium wp-image-1841\" title=\"2016-04 Cambalache\" src=\"\/moterosdehoy\/wp-content\/uploads\/sites\/45\/2016\/03\/2016-04-Cambalache.jpg\" alt=\"\" width=\"216\" height=\"300\" srcset=\"https:\/\/static-blogs.hoy.es\/wp-content\/uploads\/sites\/45\/2016\/03\/2016-04-Cambalache.jpg 693w, https:\/\/static-blogs.hoy.es\/wp-content\/uploads\/sites\/45\/2016\/03\/2016-04-Cambalache-217x300.jpg 217w\" sizes=\"(max-width: 216px) 100vw, 216px\" \/><\/a>La fiesta comenzar\u00e1 a las 13:00 horas en el &#8220;<a title=\"Enlace al evento en facebook\" href=\"https:\/\/www.facebook.com\/events\/473130639560668\/\" target=\"_blank\" rel=\"external nofollow\">Cambalache Rock Bar<\/a>&#8220;, situado en la C\/. Pizarro, de <a title=\"Web de turismo en C\u00e1ceres\" href=\"http:\/\/turismo.ayto-caceres.es\/\" target=\"_blank\" rel=\"external nofollow\">C\u00e1ceres<\/a>, y tendr\u00e1n picoteo con productos de la tierra.<!--more--><\/p>\n<p>Adem\u00e1s habr\u00e1 que hacerles caso, pues tal y como aparece en el cartel &#8220;Trae tu moto, la comida la ponemos nosotros&#8221;. Lo que no s\u00e9 es si le dan de comer a la moto o al conductor, pero tendremos que hacer la prueba.<\/p>\n<p>De seguro que ser\u00e1 un gran d\u00eda, de encuentro de amigos y buen ambiente motero.<\/p>\n<p>Si quieres ver un <a title=\"V\u00eddeo de asistencia al Matin\u00e9\" href=\"https:\/\/www.youtube.com\/watch?v=h4Ow1LNyAyM\" target=\"_blank\" rel=\"external nofollow\">v\u00eddeo de su transcurso clic aqu\u00ed<\/a>.<\/p>\n<p>Saludos y r\u00e1fagas.<\/p>\n<!-- AddThis Advanced Settings generic via filter on the_content --><!-- AddThis Share Buttons generic via filter on the_content -->","protected":false},"excerpt":{"rendered":"<p>Son muchas las fiestas moteras y las hay muy variadas. Para el d\u00eda 02 de abril tenemos en C\u00e1ceres el aniversario de un Bar motero. La fiesta comenzar\u00e1 a las 13:00 horas en el &#8220;Cambalache Rock Bar&#8220;, situado en la C\/. Pizarro, de C\u00e1ceres, y tendr\u00e1n picoteo con productos de la tierra.<!-- AddThis Advanced Settings generic via filter on get_the_excerpt --><!-- AddThis Share Buttons generic via filter on get_the_excerpt --><\/p>\n","protected":false},"author":49,"featured_media":0,"comment_status":"open","ping_status":"closed","sticky":false,"template":"","format":"standard","meta":[],"categories":[13],"tags":[103,132,622,624],"_links":{"self":[{"href":"https:\/\/blogs.hoy.es\/moterosdehoy\/wp-json\/wp\/v2\/posts\/1840"}],"collection":[{"href":"https:\/\/blogs.hoy.es\/moterosdehoy\/wp-json\/wp\/v2\/posts"}],"about":[{"href":"https:\/\/blogs.hoy.es\/moterosdehoy\/wp-json\/wp\/v2\/types\/post"}],"author":[{"embeddable":true,"href":"https:\/\/blogs.hoy.es\/moterosdehoy\/wp-json\/wp\/v2\/users\/49"}],"replies":[{"embeddable":true,"href":"https:\/\/blogs.hoy.es\/moterosdehoy\/wp-json\/wp\/v2\/comments?post=1840"}],"version-history":[{"count":0,"href":"https:\/\/blogs.hoy.es\/moterosdehoy\/wp-json\/wp\/v2\/posts\/1840\/revisions"}],"wp:attachment":[{"href":"https:\/\/blogs.hoy.es\/moterosdehoy\/wp-json\/wp\/v2\/media?parent=1840"}],"wp:term":[{"taxonomy":"category","embeddable":true,"href":"https:\/\/blogs.hoy.es\/moterosdehoy\/wp-json\/wp\/v2\/categories?post=1840"},{"taxonomy":"post_tag","embeddable":true,"href":"https:\/\/blogs.hoy.es\/moterosdehoy\/wp-json\/wp\/v2\/tags?post=1840"}],"curies":[{"name":"wp","href":"https:\/\/api.w.org\/{rel}","templated":true}]}}