{"id":1842,"date":"2016-04-01T12:53:16","date_gmt":"2016-04-01T12:53:16","guid":{"rendered":"http:\/\/blogs.hoy.es\/moterosdehoy\/?p=1842"},"modified":"2016-04-01T12:53:16","modified_gmt":"2016-04-01T12:53:16","slug":"ruta-solidaria-rodando-por-valeria-en-ahigal","status":"publish","type":"post","link":"https:\/\/blogs.hoy.es\/moterosdehoy\/2016\/04\/01\/ruta-solidaria-rodando-por-valeria-en-ahigal\/","title":{"rendered":"Ruta Solidaria &#8220;Rodando por Valeria&#8221;, en Ahigal"},"content":{"rendered":"<p><span style=\"color: #ff0000;\"><strong>RUTA APLAZADA POR METEOROLOG\u00cdA, al 01 de Mayo 2016.<\/strong><\/span><\/p>\n<p>Quiere ir apareciendo el sol y junto a \u00e9l las concentraciones, quedadas y rutas moteras. Las hay de todo tipo, aniversarios de clubes y locales moteros, rutas en abierto para rodar juntos, eventos solidarios&#8230;<\/p>\n<p>\u00c9ste es el caso de un buen evento solidario. En la localidad cacere\u00f1a de Carcaboso, vive una peque\u00f1a de cuatro a\u00f1os llamada Valeria Curto Moreno, y tiene un grave problema, las venas de su coraz\u00f3n no est\u00e1n bien conectadas con los pulmones, se denomina &#8220;Atresia Pulmonar Grave&#8221;, y los m\u00e9dicos no se atreven a operarla en Espa\u00f1a. En Boston (Estados Unidos) si se cura, pero necesita al menos dos operaciones, con unos costes muy elevados.<\/p>\n<p><a href=\"\/moterosdehoy\/wp-content\/uploads\/sites\/45\/2016\/04\/Rodando-por-Valeria-2016-04.jpg\"><img loading=\"lazy\" class=\"alignleft size-medium wp-image-1844\" title=\"Rodando por Valeria 2016-04\" src=\"\/moterosdehoy\/wp-content\/uploads\/sites\/45\/2016\/04\/Rodando-por-Valeria-2016-04.jpg\" alt=\"\" width=\"210\" height=\"300\" srcset=\"https:\/\/static-blogs.hoy.es\/wp-content\/uploads\/sites\/45\/2016\/04\/Rodando-por-Valeria-2016-04.jpg 640w, https:\/\/static-blogs.hoy.es\/wp-content\/uploads\/sites\/45\/2016\/04\/Rodando-por-Valeria-2016-04-211x300.jpg 211w\" sizes=\"(max-width: 210px) 100vw, 210px\" \/><\/a>Existe una Fundaci\u00f3n de <a title=\"Plataforma Ayuda a Valeria\" href=\"http:\/\/www.ayudaavaleria.com\/\" target=\"_blank\" rel=\"external nofollow\">Ayuda a Valeria<\/a>, con una web donde est\u00e1n reflejados todos los eventos que van realizando y los pr\u00f3ximos disponibles, adem\u00e1s de pasos a seguir si quieres crear un evento o colaborar de alg\u00fan modo. <!--more-->Los hay muy variados, as\u00ed todo el que desee colaborar encontrar\u00e1 alg\u00fan modo.<\/p>\n<p>Para el d\u00eda 10 de abril, un grupo formado por buenos amigos de Valeria, han creado un evento motero solidario en <a title=\"Ahigal en wikipedia\" href=\"https:\/\/es.wikipedia.org\/wiki\/Ahigal_(C%C3%A1ceres)\" target=\"_blank\" rel=\"external nofollow\">Ahigal<\/a>, localidad situada al norte de la provincia de C\u00e1ceres.<\/p>\n<p>Dentro del PROGRAMA tienen previsto:<\/p>\n<p>&#8211; 10:00h. Apertura de inscripciones y desayuno con perrunillas en el recinto el mercado. Dicho recinto se encuentra a las afueras de la localidad en direcci\u00f3n a Santiba\u00f1ez el Bajo.<\/p>\n<p>&#8211; 11:30h. Salida de ruta, con dos paradas. Ahigal &#8211; Mohedas &#8211; Casar de Palomero &#8211; Caminomorisco &#8211; Pinofranqueado &#8211; Torrecilla de los \u00c1ngeles &#8211; Villanueva de la Sierra &#8211; El Bronco &#8211; Cerezo &#8211; Ahigal.<\/p>\n<p>&#8211; 14:30h. Comida en Ahigal con Sangr\u00eda, de nuevo en el recinto el mercado.<\/p>\n<p>Durante la comida habr\u00e1 sorteos de regalos para los inscritos, con un PRECIO DE INSCRIPCI\u00d3N DE 10 \u20ac, que ser\u00e1n \u00edntegramente donada a la &#8220;<a title=\"Fundaci\u00f3n Valeria\" href=\"http:\/\/www.ayudaavaleria.com\/\" target=\"_blank\" rel=\"external nofollow\">Fundaci\u00f3n Valeria<\/a>&#8221;<\/p>\n<p>Si necesitas mayor informaci\u00f3n en el cartel tienes disponible varios n\u00fameros de tel\u00e9fono.<\/p>\n<p>Saca tu lado solidario y a la vez disfruta de tu moto. Ac\u00e9rcate a Ahigal y disfrutar\u00e1s de un gran d\u00eda de convivencia motera solidaria.<\/p>\n<p>(informaci\u00f3n de Valeria obtenida de la p\u00e1gina web de <a title=\"Ayuda a Valeria\" href=\"http:\/\/www.ayudaavaleria.com\/\" target=\"_blank\" rel=\"external nofollow\">Ayuda a Valeria<\/a>)<\/p>\n<p>Saludos y r\u00e1fagas.<\/p>\n<!-- AddThis Advanced Settings generic via filter on the_content --><!-- AddThis Share Buttons generic via filter on the_content -->","protected":false},"excerpt":{"rendered":"<p>RUTA APLAZADA POR METEOROLOG\u00cdA, al 01 de Mayo 2016. Quiere ir apareciendo el sol y junto a \u00e9l las concentraciones, quedadas y rutas moteras. Las hay de todo tipo, aniversarios de clubes y locales moteros, rutas en abierto para rodar juntos, eventos solidarios&#8230; \u00c9ste es el caso de un buen evento solidario. En la localidad [&hellip;]<!-- AddThis Advanced Settings generic via filter on get_the_excerpt --><!-- AddThis Share Buttons generic via filter on get_the_excerpt --><\/p>\n","protected":false},"author":49,"featured_media":0,"comment_status":"open","ping_status":"closed","sticky":false,"template":"","format":"standard","meta":[],"categories":[13],"tags":[84,622,624,845,881],"_links":{"self":[{"href":"https:\/\/blogs.hoy.es\/moterosdehoy\/wp-json\/wp\/v2\/posts\/1842"}],"collection":[{"href":"https:\/\/blogs.hoy.es\/moterosdehoy\/wp-json\/wp\/v2\/posts"}],"about":[{"href":"https:\/\/blogs.hoy.es\/moterosdehoy\/wp-json\/wp\/v2\/types\/post"}],"author":[{"embeddable":true,"href":"https:\/\/blogs.hoy.es\/moterosdehoy\/wp-json\/wp\/v2\/users\/49"}],"replies":[{"embeddable":true,"href":"https:\/\/blogs.hoy.es\/moterosdehoy\/wp-json\/wp\/v2\/comments?post=1842"}],"version-history":[{"count":0,"href":"https:\/\/blogs.hoy.es\/moterosdehoy\/wp-json\/wp\/v2\/posts\/1842\/revisions"}],"wp:attachment":[{"href":"https:\/\/blogs.hoy.es\/moterosdehoy\/wp-json\/wp\/v2\/media?parent=1842"}],"wp:term":[{"taxonomy":"category","embeddable":true,"href":"https:\/\/blogs.hoy.es\/moterosdehoy\/wp-json\/wp\/v2\/categories?post=1842"},{"taxonomy":"post_tag","embeddable":true,"href":"https:\/\/blogs.hoy.es\/moterosdehoy\/wp-json\/wp\/v2\/tags?post=1842"}],"curies":[{"name":"wp","href":"https:\/\/api.w.org\/{rel}","templated":true}]}}