{"id":1849,"date":"2016-04-08T19:39:08","date_gmt":"2016-04-08T19:39:08","guid":{"rendered":"http:\/\/blogs.hoy.es\/moterosdehoy\/?p=1849"},"modified":"2016-04-08T19:39:08","modified_gmt":"2016-04-08T19:39:08","slug":"iii-concentracion-motera-almendral","status":"publish","type":"post","link":"https:\/\/blogs.hoy.es\/moterosdehoy\/2016\/04\/08\/iii-concentracion-motera-almendral\/","title":{"rendered":"III Concentraci\u00f3n motera Almendral"},"content":{"rendered":"<p>El <strong>domingo 10 de abril tendr\u00e1 lugar en la localidad de\u00a0<a title=\"Almendral en wikipedia\" href=\"http:\/\/es.wikipedia.org\/wiki\/Almendral\" target=\"_blank\" rel=\"external nofollow\">Almendral<\/a><\/strong>\u00a0(Badajoz) su tercera concentraci\u00f3n motera.<\/p>\n<p><a href=\"\/moterosdehoy\/wp-content\/uploads\/sites\/45\/2016\/04\/2016-04-Almendral.jpg\"><img loading=\"lazy\" class=\"alignleft size-medium wp-image-1850\" title=\"2016-04 Almendral\" src=\"\/moterosdehoy\/wp-content\/uploads\/sites\/45\/2016\/04\/2016-04-Almendral.jpg\" alt=\"\" width=\"300\" height=\"212\" srcset=\"https:\/\/static-blogs.hoy.es\/wp-content\/uploads\/sites\/45\/2016\/04\/2016-04-Almendral.jpg 640w, https:\/\/static-blogs.hoy.es\/wp-content\/uploads\/sites\/45\/2016\/04\/2016-04-Almendral-300x212.jpg 300w\" sizes=\"(max-width: 300px) 100vw, 300px\" \/><\/a>Como en ediciones anteriores tendr\u00e1 lugar en la<strong>\u00a0Plaza Grande a las 10:00h, con una inscripci\u00f3n de 5 euros<\/strong>, que te dar\u00e1 acceso a comida, Paella, panceta, bebida y gazpacho, adem\u00e1s de sorteos, y premios.<!--more--><\/p>\n<p>Nuevamente los organizadores son el Excmo Ayuntamiento de la localidad, Pe\u00f1a los jamoneros y San Isidro.<\/p>\n<p>Seguro que ser\u00e1 un gran d\u00eda de convivencia motera, aunque el tiempo amenaza con no acompa\u00f1ar demasiado.<\/p>\n<p>Os dejo un enlace a <a title=\"Fotos de Almendral 2015\" href=\"https:\/\/blogs.hoy.es\/moterosdehoy\/2015\/04\/13\/fotos-de-almendral\/\" target=\"_blank\">fotos de como transcurri\u00f3<\/a>\u00a0la edici\u00f3n del a\u00f1o pasado.<\/p>\n<p>Y otro enlace, de las <a title=\"Enlace a concentraciones y quedadas moteras de abril 2015\" href=\"http:\/\/www.moterosdehoy.es\/2016\/03\/25\/concentraciones-y-kdds-en-abril-2016\/\" target=\"_blank\" rel=\"external nofollow\">concentraciones del mes<\/a>.<\/p>\n<p>Saludos y r\u00e1fagas.<\/p>\n<!-- AddThis Advanced Settings generic via filter on the_content --><!-- AddThis Share Buttons generic via filter on the_content -->","protected":false},"excerpt":{"rendered":"<p>El domingo 10 de abril tendr\u00e1 lugar en la localidad de\u00a0Almendral\u00a0(Badajoz) su tercera concentraci\u00f3n motera. Como en ediciones anteriores tendr\u00e1 lugar en la\u00a0Plaza Grande a las 10:00h, con una inscripci\u00f3n de 5 euros, que te dar\u00e1 acceso a comida, Paella, panceta, bebida y gazpacho, adem\u00e1s de sorteos, y premios.<!-- AddThis Advanced Settings generic via filter on get_the_excerpt --><!-- AddThis Share Buttons generic via filter on get_the_excerpt --><\/p>\n","protected":false},"author":49,"featured_media":0,"comment_status":"open","ping_status":"closed","sticky":false,"template":"","format":"standard","meta":[],"categories":[13],"tags":[195,622,624],"_links":{"self":[{"href":"https:\/\/blogs.hoy.es\/moterosdehoy\/wp-json\/wp\/v2\/posts\/1849"}],"collection":[{"href":"https:\/\/blogs.hoy.es\/moterosdehoy\/wp-json\/wp\/v2\/posts"}],"about":[{"href":"https:\/\/blogs.hoy.es\/moterosdehoy\/wp-json\/wp\/v2\/types\/post"}],"author":[{"embeddable":true,"href":"https:\/\/blogs.hoy.es\/moterosdehoy\/wp-json\/wp\/v2\/users\/49"}],"replies":[{"embeddable":true,"href":"https:\/\/blogs.hoy.es\/moterosdehoy\/wp-json\/wp\/v2\/comments?post=1849"}],"version-history":[{"count":0,"href":"https:\/\/blogs.hoy.es\/moterosdehoy\/wp-json\/wp\/v2\/posts\/1849\/revisions"}],"wp:attachment":[{"href":"https:\/\/blogs.hoy.es\/moterosdehoy\/wp-json\/wp\/v2\/media?parent=1849"}],"wp:term":[{"taxonomy":"category","embeddable":true,"href":"https:\/\/blogs.hoy.es\/moterosdehoy\/wp-json\/wp\/v2\/categories?post=1849"},{"taxonomy":"post_tag","embeddable":true,"href":"https:\/\/blogs.hoy.es\/moterosdehoy\/wp-json\/wp\/v2\/tags?post=1849"}],"curies":[{"name":"wp","href":"https:\/\/api.w.org\/{rel}","templated":true}]}}