{"id":1852,"date":"2016-04-09T10:24:34","date_gmt":"2016-04-09T10:24:34","guid":{"rendered":"http:\/\/blogs.hoy.es\/moterosdehoy\/?p=1852"},"modified":"2016-04-09T10:24:34","modified_gmt":"2016-04-09T10:24:34","slug":"motos-a-vista-de-pajaro","status":"publish","type":"post","link":"https:\/\/blogs.hoy.es\/moterosdehoy\/2016\/04\/09\/motos-a-vista-de-pajaro\/","title":{"rendered":"Motos a vista de p\u00e1jaro"},"content":{"rendered":"<p>Son muchas las formas y modalidades de disfrutar de la moto. Los hay que disfrutan en el asfalto, otros sobre la tierra, unos en grupos, otros en solitario o con un compa\u00f1ero, pero todos tenemos algo en com\u00fan adem\u00e1s de la pasi\u00f3n por las motos, tener un bonito recuerdo.<\/p>\n<p><a href=\"\/moterosdehoy\/wp-content\/uploads\/sites\/45\/2016\/04\/Amadrones.png\"><img loading=\"lazy\" class=\"alignleft size-full wp-image-1853\" title=\"Amadrones\" src=\"\/moterosdehoy\/wp-content\/uploads\/sites\/45\/2016\/04\/Amadrones.png\" alt=\"\" width=\"278\" height=\"67\" \/><\/a>Sea cual sea ese esp\u00edritu motero o aventurero, a todos nos gusta tener alguna foto en alg\u00fan lugar emblem\u00e1tico. <!--more-->En \u00e9ste caso cualquier lugar puede serlo, pues al disponer de una visi\u00f3n que no podemos tener habitualmente ya es algo especial. Y que mejor visi\u00f3n que la recogida por los casi reci\u00e9n llegados entre nosotros &#8220;los drones&#8221;.<\/p>\n<p>Los hay de muchas modalidades y para todos los bolsillos, graban y hacen fotos, pero cuidado, depende de su uso puedes tener problemas. Los drones filman cosas y esas cosas pueden estar protegidas, por lo que sin quererlo puedes caer en una infracci\u00f3n muy grave. Sin contar los derechos de imagen de cada persona. Por ello existe una reglamentaci\u00f3n y para poder utilizarlos de modo correcto se necesitan unos permisos, ah\u00ed llega <a title=\"P\u00e1gina oficial de Amadronex\" href=\"http:\/\/www.amadronex.com\/\" target=\"_blank\" rel=\"external nofollow\">Amadronex<\/a>.<\/p>\n<p><a title=\"Amadronex en facebook\" href=\"https:\/\/www.facebook.com\/Amadronex-A-Vista-de-P%C3%A1jaro-893658667388289\/?fref=ts\" target=\"_blank\" rel=\"external nofollow\">Amadronex<\/a> es una empresa extreme\u00f1a decicada a la filmaci\u00f3n y fotograf\u00eda de todo tipo de eventos deportivos, paisajes, fincas, estructuras, fotogrametr\u00eda&#8230; Ofreciendo esa visi\u00f3n a vista de p\u00e1jaro que de otro modo es muy dif\u00edcil obtener.<\/p>\n<p>El pasado 21 de marzo, en Badajoz se realiz\u00f3 una <a title=\"Enlace a la Ruta\" href=\"https:\/\/blogs.hoy.es\/moterosdehoy\/2016\/03\/21\/\" target=\"_blank\">Ruta Homenaje a Portugal<\/a>, en dicha ruta Amadronex realiz\u00f3 un v\u00eddeo de la ruta, os pongo el enlace pues m\u00e1s vale una imagen que mil palabras. En el v\u00eddeo adem\u00e1s se puede disfrutar de todo el entorno, realmente acrecenta la sensaci\u00f3n de libertad que se vive sobre la moto, en \u00e9ste caso una Ruta desde Badajoz a la localidad portuguesa de <a title=\"Vila Vi\u00e7osa en Wikipedia\" href=\"https:\/\/es.wikipedia.org\/wiki\/Vila_Vi%C3%A7osa\" target=\"_blank\" rel=\"external nofollow\">Vila Vi\u00e7osa<\/a> y regreso para disfrutar del grupo RGB en el <a title=\"Ruta 3.24 en Facebook\" href=\"https:\/\/es-es.facebook.com\/RUTA-324-1703706703243872\/\" target=\"_blank\" rel=\"external nofollow\">Ruta 3.24<\/a>.<\/p>\n<p style=\"text-align: center;\"><a href=\"http:\/\/www.amadronex.com\/multimedia\/1-videos\/#20-filmacion-ruta-324-con-amadronex\" rel=\"external nofollow\">Visi\u00f3n por Amadronex del Homenaje a Portugal del Ruta 3.24<\/a><\/p>\n<p>Saludos y r\u00e1fagas.<\/p>\n<!-- AddThis Advanced Settings generic via filter on the_content --><!-- AddThis Share Buttons generic via filter on the_content -->","protected":false},"excerpt":{"rendered":"<p>Son muchas las formas y modalidades de disfrutar de la moto. Los hay que disfrutan en el asfalto, otros sobre la tierra, unos en grupos, otros en solitario o con un compa\u00f1ero, pero todos tenemos algo en com\u00fan adem\u00e1s de la pasi\u00f3n por las motos, tener un bonito recuerdo. Sea cual sea ese esp\u00edritu motero [&hellip;]<!-- AddThis Advanced Settings generic via filter on get_the_excerpt --><!-- AddThis Share Buttons generic via filter on get_the_excerpt --><\/p>\n","protected":false},"author":49,"featured_media":0,"comment_status":"open","ping_status":"closed","sticky":false,"template":"","format":"standard","meta":[],"categories":[4,13],"tags":[57,350,622,624,848,872],"_links":{"self":[{"href":"https:\/\/blogs.hoy.es\/moterosdehoy\/wp-json\/wp\/v2\/posts\/1852"}],"collection":[{"href":"https:\/\/blogs.hoy.es\/moterosdehoy\/wp-json\/wp\/v2\/posts"}],"about":[{"href":"https:\/\/blogs.hoy.es\/moterosdehoy\/wp-json\/wp\/v2\/types\/post"}],"author":[{"embeddable":true,"href":"https:\/\/blogs.hoy.es\/moterosdehoy\/wp-json\/wp\/v2\/users\/49"}],"replies":[{"embeddable":true,"href":"https:\/\/blogs.hoy.es\/moterosdehoy\/wp-json\/wp\/v2\/comments?post=1852"}],"version-history":[{"count":0,"href":"https:\/\/blogs.hoy.es\/moterosdehoy\/wp-json\/wp\/v2\/posts\/1852\/revisions"}],"wp:attachment":[{"href":"https:\/\/blogs.hoy.es\/moterosdehoy\/wp-json\/wp\/v2\/media?parent=1852"}],"wp:term":[{"taxonomy":"category","embeddable":true,"href":"https:\/\/blogs.hoy.es\/moterosdehoy\/wp-json\/wp\/v2\/categories?post=1852"},{"taxonomy":"post_tag","embeddable":true,"href":"https:\/\/blogs.hoy.es\/moterosdehoy\/wp-json\/wp\/v2\/tags?post=1852"}],"curies":[{"name":"wp","href":"https:\/\/api.w.org\/{rel}","templated":true}]}}