{"id":1862,"date":"2016-04-11T13:02:26","date_gmt":"2016-04-11T13:02:26","guid":{"rendered":"http:\/\/blogs.hoy.es\/moterosdehoy\/?p=1862"},"modified":"2016-04-11T13:02:26","modified_gmt":"2016-04-11T13:02:26","slug":"jornadas-de-defensa-personal-motera","status":"publish","type":"post","link":"https:\/\/blogs.hoy.es\/moterosdehoy\/2016\/04\/11\/jornadas-de-defensa-personal-motera\/","title":{"rendered":"Jornadas de Defensa Personal Motera"},"content":{"rendered":"<p>Por todos es sabido que practicar alg\u00fan deporte es invertir en salud, y si adem\u00e1s ese deporte te sirve para practicar tu defensa mejor a\u00fan.<\/p>\n<p><a href=\"\/moterosdehoy\/wp-content\/uploads\/sites\/45\/2016\/04\/Defensa-Personal-Motera-161.jpg\"><img loading=\"lazy\" class=\"alignleft size-medium wp-image-1866\" title=\"Defensa Personal Motera 16\" src=\"\/moterosdehoy\/wp-content\/uploads\/sites\/45\/2016\/04\/Defensa-Personal-Motera-161.jpg\" alt=\"\" width=\"210\" height=\"300\" srcset=\"https:\/\/static-blogs.hoy.es\/wp-content\/uploads\/sites\/45\/2016\/04\/Defensa-Personal-Motera-161.jpg 836w, https:\/\/static-blogs.hoy.es\/wp-content\/uploads\/sites\/45\/2016\/04\/Defensa-Personal-Motera-161-211x300.jpg 211w, https:\/\/static-blogs.hoy.es\/wp-content\/uploads\/sites\/45\/2016\/04\/Defensa-Personal-Motera-161-768x1094.jpg 768w, https:\/\/static-blogs.hoy.es\/wp-content\/uploads\/sites\/45\/2016\/04\/Defensa-Personal-Motera-161-719x1024.jpg 719w\" sizes=\"(max-width: 210px) 100vw, 210px\" \/><\/a>La Asociaci\u00f3n <a title=\"Web de Moteros de Hoy\" href=\"http:\/\/www.moterosdehoy.es\/\" target=\"_blank\" rel=\"external nofollow\">Moteros de Hoy<\/a>, en uni\u00f3n a la escuela de artes marciales y defensa personal <a title=\"Enlace a Aikikan en la web\" href=\"https:\/\/sites.google.com\/site\/aikikanbadajozescuela\/\" target=\"_blank\">Aikikan Dojo<\/a>, han organizado unas &#8220;Jornadas de Defensa Personal Motera&#8221;, que el s\u00e1bado<strong> 16 de abril a las 11:00h,<\/strong>\u00a0ser\u00e1 la primera clase.<!--more--><\/p>\n<p>Las clases ser\u00e1n de la mano de Ky\u00f5shi Jos\u00e9 Manuel Sanabria M\u00e9ndez, profesor de artes marciales con la categor\u00eda de cintur\u00f3n negro quinto dan, a su vez, es Director del gimnasio Aikikan Dojo, situado en C\/. Manuel Salda\u00f1a, 43, de Badajoz, donde se imparten clases de Karate Do, Aikido, Iaido, Tai-Chi, Brazilian Jiu Jitsu, Defensa Personal y Judo.<\/p>\n<p>En las clases se partir\u00e1 con la explicaci\u00f3n de para que necesitamos saber defensa personal, una explicaci\u00f3n muy ligada al mundo motero custom, pues ambas parten del &#8220;respeto a los dem\u00e1s&#8221;.<\/p>\n<p>Las jornadas no van encaminadas a aprender alg\u00fan arte marcial espec\u00edfico, para ello est\u00e1n las clases, pero Ky\u00f5shi nos indicar\u00e1 pasos a seguir ante alg\u00fan acto en el que no deseemos vernos implicados y forma de evitarlo.<\/p>\n<p>La clase tendr\u00e1 una duraci\u00f3n de unas dos horas, de 11 a 13h, y tiene una<strong> inscripci\u00f3n de 10\u20ac<\/strong>, si deseas asistir tienes que entrar en contacto con los medios indicados en el cartel del evento. Hay plazas limitadas.<\/p>\n<p>Una buena actividad para realizar deporte, y a su vez subir la autoestima.<\/p>\n<p>Saludos y r\u00e1fagas.<\/p>\n<!-- AddThis Advanced Settings generic via filter on the_content --><!-- AddThis Share Buttons generic via filter on the_content -->","protected":false},"excerpt":{"rendered":"<p>Por todos es sabido que practicar alg\u00fan deporte es invertir en salud, y si adem\u00e1s ese deporte te sirve para practicar tu defensa mejor a\u00fan. La Asociaci\u00f3n Moteros de Hoy, en uni\u00f3n a la escuela de artes marciales y defensa personal Aikikan Dojo, han organizado unas &#8220;Jornadas de Defensa Personal Motera&#8221;, que el s\u00e1bado 16 [&hellip;]<!-- AddThis Advanced Settings generic via filter on get_the_excerpt --><!-- AddThis Share Buttons generic via filter on get_the_excerpt --><\/p>\n","protected":false},"author":49,"featured_media":0,"comment_status":"open","ping_status":"closed","sticky":false,"template":"","format":"standard","meta":[],"categories":[4,12,13],"tags":[45,90,330,622],"_links":{"self":[{"href":"https:\/\/blogs.hoy.es\/moterosdehoy\/wp-json\/wp\/v2\/posts\/1862"}],"collection":[{"href":"https:\/\/blogs.hoy.es\/moterosdehoy\/wp-json\/wp\/v2\/posts"}],"about":[{"href":"https:\/\/blogs.hoy.es\/moterosdehoy\/wp-json\/wp\/v2\/types\/post"}],"author":[{"embeddable":true,"href":"https:\/\/blogs.hoy.es\/moterosdehoy\/wp-json\/wp\/v2\/users\/49"}],"replies":[{"embeddable":true,"href":"https:\/\/blogs.hoy.es\/moterosdehoy\/wp-json\/wp\/v2\/comments?post=1862"}],"version-history":[{"count":0,"href":"https:\/\/blogs.hoy.es\/moterosdehoy\/wp-json\/wp\/v2\/posts\/1862\/revisions"}],"wp:attachment":[{"href":"https:\/\/blogs.hoy.es\/moterosdehoy\/wp-json\/wp\/v2\/media?parent=1862"}],"wp:term":[{"taxonomy":"category","embeddable":true,"href":"https:\/\/blogs.hoy.es\/moterosdehoy\/wp-json\/wp\/v2\/categories?post=1862"},{"taxonomy":"post_tag","embeddable":true,"href":"https:\/\/blogs.hoy.es\/moterosdehoy\/wp-json\/wp\/v2\/tags?post=1862"}],"curies":[{"name":"wp","href":"https:\/\/api.w.org\/{rel}","templated":true}]}}