{"id":1867,"date":"2016-04-18T15:23:33","date_gmt":"2016-04-18T15:23:33","guid":{"rendered":"http:\/\/blogs.hoy.es\/moterosdehoy\/?p=1867"},"modified":"2016-04-18T15:23:33","modified_gmt":"2016-04-18T15:23:33","slug":"transcurso-de-la-movilizacion-nacional-por-seguridad-vial","status":"publish","type":"post","link":"https:\/\/blogs.hoy.es\/moterosdehoy\/2016\/04\/18\/transcurso-de-la-movilizacion-nacional-por-seguridad-vial\/","title":{"rendered":"Transcurso de la movilizaci\u00f3n nacional por Seguridad Vial"},"content":{"rendered":"<p>El pasado domingo 17 de abril, tal y como estaba anunciado tuvo lugar una <a title=\"Enlace a la publicaci\u00f3n del evento en Extremadura\" href=\"https:\/\/blogs.hoy.es\/moterosdehoy\/2016\/04\/11\/movilizacion-nacional-por-la-seguridad\/\" target=\"_blank\">Movilizaci\u00f3n Nacional por mejor Seguridad Vial de los motociclistas<\/a>.<\/p>\n<p><a href=\"\/moterosdehoy\/wp-content\/uploads\/sites\/45\/2016\/04\/Movilizaci\u00f3n-por-Seguridad-Vial-en-Badajoz.jpg\"><img loading=\"lazy\" class=\"alignleft size-medium wp-image-1868\" title=\"Movilizaci\u00f3n por Seguridad Vial en Badajoz\" src=\"\/moterosdehoy\/wp-content\/uploads\/sites\/45\/2016\/04\/Movilizaci\u00f3n-por-Seguridad-Vial-en-Badajoz.jpg\" alt=\"\" width=\"300\" height=\"225\" srcset=\"https:\/\/static-blogs.hoy.es\/wp-content\/uploads\/sites\/45\/2016\/04\/Movilizaci\u00f3n-por-Seguridad-Vial-en-Badajoz.jpg 3264w, https:\/\/static-blogs.hoy.es\/wp-content\/uploads\/sites\/45\/2016\/04\/Movilizaci\u00f3n-por-Seguridad-Vial-en-Badajoz-300x225.jpg 300w, https:\/\/static-blogs.hoy.es\/wp-content\/uploads\/sites\/45\/2016\/04\/Movilizaci\u00f3n-por-Seguridad-Vial-en-Badajoz-768x576.jpg 768w, https:\/\/static-blogs.hoy.es\/wp-content\/uploads\/sites\/45\/2016\/04\/Movilizaci\u00f3n-por-Seguridad-Vial-en-Badajoz-1024x768.jpg 1024w\" sizes=\"(max-width: 300px) 100vw, 300px\" \/><\/a>En Extremadura se realizaron dos concentraciones, una en C\u00e1ceres de la mano de la Federaci\u00f3n de Motoristas de Extremadura (Femotex), y otra, en Badajoz de la mano del grupo motero Volando Bajito.<!--more--><\/p>\n<p>Es una pena que un evento en el que todos los motoristas nos podemos ver beneficiados no nos impliquemos como se merece. La idea de la movilizaci\u00f3n era mostrarnos unidos, presentando nuestra oposici\u00f3n a las pol\u00edticas de Seguridad Vial de las administraciones p\u00fablicas, condenando la indiferencia de las mismas. Estando convencidos que el mal estado de conservaci\u00f3n de las carreteras son causas ocultas en gran parte de los accidentes en los que se ven implicadas motocicletas.<\/p>\n<p>En el evento llevado a cabo en C\u00e1ceres se implicaron algo m\u00e1s de trescientas motocicletas, en la que tras una ruta por ciudad se efectu\u00f3 la lectura de un manifiesto, evidentemente con megafon\u00eda para poder comunicarla a los all\u00ed presentes.<\/p>\n<p>En el evento realizado en Badajoz se implicaron casi cien motocicletas. Entre ellos tuve la oportunidad de asistir y sin que a nadie le pueda molestar, os dejo mi punto de vista. El evento comenz\u00f3 tarde, en el resto de ciudades en que tuvo lugar comenz\u00f3 a las doce, con lecturas de manifiesto sobre la una del medio d\u00eda. Quiz\u00e1s parte de culpa la tuviera que hab\u00eda un evento de bicicletas en Badajoz, pero ser\u00eda m\u00e1s normal aplazar o adelantar el de la bicicletas, o que circularan por calles diferentes, cuando la movilizaci\u00f3n de motoristas era a nivel nacional, pasado est\u00e1 y da igual, pero si es verdad que las bicicletas son bienvenidas y ven a las motos como enemigos del tr\u00e1fico, siendo todo lo contrario.<\/p>\n<p>Tambi\u00e9n es cierto que algunos moteros cuando llegaron sobre las doce y algo al punto de encuentro &#8220;Restaurante Laguna Seca&#8221;, se cansaron de esperar o vieron cosas con las que no estaban de acuerdo. En mi caso particular, tras pedir un par de cervezas 0,0, cual fue mi sorpresa al decirme que ten\u00eda que abonar cuatro euros, dos euros de cada consumici\u00f3n, adem\u00e1s sin ning\u00fan tipo de aperitivo. Me resulta lamentable que en \u00e9ste tipo de actos resulte m\u00e1s cara una consumici\u00f3n sin alcohol que una que lo lleve. Hay que tener presente que <strong>alcohol y conducci\u00f3n no son compatibles<\/strong>, pero m\u00e1s si cabe en eventos en los que se reivindica mejor Seguridad Vial.<\/p>\n<p>Una vez iniciada la ruta, eso s\u00ed, con mucha presencia de Polic\u00eda Local colaborando en ella, cosa de agradecer, no hubo ning\u00fan percance y al llegar a la Plaza de Espa\u00f1a, seg\u00fan dicen algunos presentes, se efectu\u00f3 la lectura del manifiesto, yo estuve all\u00ed y no lo escuch\u00e9.<\/p>\n<p>Esperemos que la movilizaci\u00f3n vea cumplido su objetivo y en un futuro no muy lejano, tengamos una Seguridad Vial que tambi\u00e9n mire al colectivo motero.<\/p>\n<p>Os dejo un <strong><a title=\"V\u00eddeo de la movilizaci\u00f3n en Badajoz\" href=\"https:\/\/www.youtube.com\/watch?v=FVFvIt_rD44\" target=\"_blank\" rel=\"external nofollow\">v\u00eddeo de la movilizaci\u00f3n en Badajoz<\/a><\/strong>.<\/p>\n<p>Saludos y r\u00e1fagas.<\/p>\n<!-- AddThis Advanced Settings generic via filter on the_content --><!-- AddThis Share Buttons generic via filter on the_content -->","protected":false},"excerpt":{"rendered":"<p>El pasado domingo 17 de abril, tal y como estaba anunciado tuvo lugar una Movilizaci\u00f3n Nacional por mejor Seguridad Vial de los motociclistas. En Extremadura se realizaron dos concentraciones, una en C\u00e1ceres de la mano de la Federaci\u00f3n de Motoristas de Extremadura (Femotex), y otra, en Badajoz de la mano del grupo motero Volando Bajito.<!-- AddThis Advanced Settings generic via filter on get_the_excerpt --><!-- AddThis Share Buttons generic via filter on get_the_excerpt --><\/p>\n","protected":false},"author":49,"featured_media":0,"comment_status":"open","ping_status":"closed","sticky":false,"template":"","format":"standard","meta":[],"categories":[12,13],"tags":[622,624,713,726],"_links":{"self":[{"href":"https:\/\/blogs.hoy.es\/moterosdehoy\/wp-json\/wp\/v2\/posts\/1867"}],"collection":[{"href":"https:\/\/blogs.hoy.es\/moterosdehoy\/wp-json\/wp\/v2\/posts"}],"about":[{"href":"https:\/\/blogs.hoy.es\/moterosdehoy\/wp-json\/wp\/v2\/types\/post"}],"author":[{"embeddable":true,"href":"https:\/\/blogs.hoy.es\/moterosdehoy\/wp-json\/wp\/v2\/users\/49"}],"replies":[{"embeddable":true,"href":"https:\/\/blogs.hoy.es\/moterosdehoy\/wp-json\/wp\/v2\/comments?post=1867"}],"version-history":[{"count":0,"href":"https:\/\/blogs.hoy.es\/moterosdehoy\/wp-json\/wp\/v2\/posts\/1867\/revisions"}],"wp:attachment":[{"href":"https:\/\/blogs.hoy.es\/moterosdehoy\/wp-json\/wp\/v2\/media?parent=1867"}],"wp:term":[{"taxonomy":"category","embeddable":true,"href":"https:\/\/blogs.hoy.es\/moterosdehoy\/wp-json\/wp\/v2\/categories?post=1867"},{"taxonomy":"post_tag","embeddable":true,"href":"https:\/\/blogs.hoy.es\/moterosdehoy\/wp-json\/wp\/v2\/tags?post=1867"}],"curies":[{"name":"wp","href":"https:\/\/api.w.org\/{rel}","templated":true}]}}