{"id":1869,"date":"2016-04-19T10:47:24","date_gmt":"2016-04-19T10:47:24","guid":{"rendered":"http:\/\/blogs.hoy.es\/moterosdehoy\/?p=1869"},"modified":"2016-04-19T10:47:24","modified_gmt":"2016-04-19T10:47:24","slug":"desafio-solidario-en-extremadura","status":"publish","type":"post","link":"https:\/\/blogs.hoy.es\/moterosdehoy\/2016\/04\/19\/desafio-solidario-en-extremadura\/","title":{"rendered":"Desaf\u00edo solidario en Extremadura"},"content":{"rendered":"<p>Bajo el nombre de &#8220;<strong>1\u00ba Desaf\u00edo Solidario Extremadura 15-50<\/strong>&#8220;, se ha preparado un evento motero a modo de raid.<\/p>\n<p><a href=\"\/moterosdehoy\/wp-content\/uploads\/sites\/45\/2016\/04\/Logo-Extremadura-15-50.jpg\"><img loading=\"lazy\" class=\"alignleft size-medium wp-image-1870\" title=\"Logo Extremadura 15-50\" src=\"\/moterosdehoy\/wp-content\/uploads\/sites\/45\/2016\/04\/Logo-Extremadura-15-50.jpg\" alt=\"\" width=\"300\" height=\"300\" srcset=\"https:\/\/static-blogs.hoy.es\/wp-content\/uploads\/sites\/45\/2016\/04\/Logo-Extremadura-15-50.jpg 304w, https:\/\/static-blogs.hoy.es\/wp-content\/uploads\/sites\/45\/2016\/04\/Logo-Extremadura-15-50-150x150.jpg 150w, https:\/\/static-blogs.hoy.es\/wp-content\/uploads\/sites\/45\/2016\/04\/Logo-Extremadura-15-50-300x300.jpg 300w\" sizes=\"(max-width: 300px) 100vw, 300px\" \/><\/a>El evento est\u00e1 organizado de la mano del grupo motero <a title=\"Web de Extremadura 15-50\" href=\"http:\/\/extremadura15-50.es\/Default.aspx\" target=\"_blank\" rel=\"external nofollow\">Extremadura 15-50<\/a>, y tendr\u00e1 lugar el domingo d\u00eda <strong>01 de mayo<\/strong>, pero ten en cuenta que hay una <a title=\"Inscripci\u00f3n al desaf\u00edo solidario\" href=\"http:\/\/extremadura15-50.es\/pantallas\/desafios\/Inscripcion.aspx?ID=1\" target=\"_blank\" rel=\"external nofollow\">inscripci\u00f3n previa<\/a>\u00a0de 15\u20ac, y el plazo finaliza el 25-04-2016, por lo que si est\u00e1s interesado a\u00fan dispones de unos d\u00edas.<!--more--><\/p>\n<p>El desaf\u00edo, es una causa solidaria a favor de Fernando Dom\u00ednguez Garc\u00eda (afectado de Distrofia Muscular de Duchenne), para que pueda recibir un tratamiento experimental y as\u00ed mejorar su calidad de vida.<\/p>\n<p>Para ello se realizar\u00e1 una ruta a modo de raid, unos 300 km, que ser\u00e1n en moto y por carretera, con salida desde C\u00e1ceres, a tu ritmo, s\u00f3lo o acompa\u00f1ado, por un itinerario desconocido que ir\u00e1s descubriendo a medida que pasas por los distintos puntos de control. Descubrir\u00e1s rincones y paisajes de la geograf\u00eda extreme\u00f1a y disfrutar\u00e1s de una experiencia inolvidable.<\/p>\n<p>Un evento solidario diferente de los que estamos acostumbrados, pero de seguro que disfrutar\u00e1s en \u00e9l.<\/p>\n<p>Saludos y r\u00e1fagas.<\/p>\n<!-- AddThis Advanced Settings generic via filter on the_content --><!-- AddThis Share Buttons generic via filter on the_content -->","protected":false},"excerpt":{"rendered":"<p>Bajo el nombre de &#8220;1\u00ba Desaf\u00edo Solidario Extremadura 15-50&#8220;, se ha preparado un evento motero a modo de raid. El evento est\u00e1 organizado de la mano del grupo motero Extremadura 15-50, y tendr\u00e1 lugar el domingo d\u00eda 01 de mayo, pero ten en cuenta que hay una inscripci\u00f3n previa\u00a0de 15\u20ac, y el plazo finaliza el [&hellip;]<!-- AddThis Advanced Settings generic via filter on get_the_excerpt --><!-- AddThis Share Buttons generic via filter on get_the_excerpt --><\/p>\n","protected":false},"author":49,"featured_media":0,"comment_status":"open","ping_status":"closed","sticky":false,"template":"","format":"standard","meta":[],"categories":[13],"tags":[333,383,612,622,624,723],"_links":{"self":[{"href":"https:\/\/blogs.hoy.es\/moterosdehoy\/wp-json\/wp\/v2\/posts\/1869"}],"collection":[{"href":"https:\/\/blogs.hoy.es\/moterosdehoy\/wp-json\/wp\/v2\/posts"}],"about":[{"href":"https:\/\/blogs.hoy.es\/moterosdehoy\/wp-json\/wp\/v2\/types\/post"}],"author":[{"embeddable":true,"href":"https:\/\/blogs.hoy.es\/moterosdehoy\/wp-json\/wp\/v2\/users\/49"}],"replies":[{"embeddable":true,"href":"https:\/\/blogs.hoy.es\/moterosdehoy\/wp-json\/wp\/v2\/comments?post=1869"}],"version-history":[{"count":0,"href":"https:\/\/blogs.hoy.es\/moterosdehoy\/wp-json\/wp\/v2\/posts\/1869\/revisions"}],"wp:attachment":[{"href":"https:\/\/blogs.hoy.es\/moterosdehoy\/wp-json\/wp\/v2\/media?parent=1869"}],"wp:term":[{"taxonomy":"category","embeddable":true,"href":"https:\/\/blogs.hoy.es\/moterosdehoy\/wp-json\/wp\/v2\/categories?post=1869"},{"taxonomy":"post_tag","embeddable":true,"href":"https:\/\/blogs.hoy.es\/moterosdehoy\/wp-json\/wp\/v2\/tags?post=1869"}],"curies":[{"name":"wp","href":"https:\/\/api.w.org\/{rel}","templated":true}]}}