{"id":1872,"date":"2016-04-25T16:01:08","date_gmt":"2016-04-25T16:01:08","guid":{"rendered":"http:\/\/blogs.hoy.es\/moterosdehoy\/?p=1872"},"modified":"2016-04-25T16:01:08","modified_gmt":"2016-04-25T16:01:08","slug":"fiesta-primavera-de-abutres-chapter-extremadura","status":"publish","type":"post","link":"https:\/\/blogs.hoy.es\/moterosdehoy\/2016\/04\/25\/fiesta-primavera-de-abutres-chapter-extremadura\/","title":{"rendered":"Fiesta primavera de Abutre&#039;s chapter Extremadura"},"content":{"rendered":"<p>Dentro del mundo de las motos hay clubes de muchos tipos, mayores, m\u00e1s peque\u00f1os, m\u00e1s organizados, otros con apenas algunas reglas&#8230; pero todos tienen una cosa en com\u00fan, sus inicios. Los inicios de un club son dif\u00edciles, pues lleva mucho trabajo y compromiso, siempre habr\u00e1 componentes que se impliquen m\u00e1s que otros, es normal, unas veces porque unos disponen de m\u00e1s tiempo o medios, y otras porque algunos lo viven m\u00e1s, pero una cosa es cierta, las palabras compromiso y respeto van de la mano en \u00e9ste tipo de clubes.<\/p>\n<p><a href=\"\/moterosdehoy\/wp-content\/uploads\/sites\/45\/2016\/04\/2016-04-Fiesta-primavera-C\u00e1ceres.jpg\"><img loading=\"lazy\" class=\"alignleft size-medium wp-image-1874\" title=\"2016-04 Fiesta primavera C\u00e1ceres\" src=\"\/moterosdehoy\/wp-content\/uploads\/sites\/45\/2016\/04\/2016-04-Fiesta-primavera-C\u00e1ceres.jpg\" alt=\"\" width=\"269\" height=\"300\" \/><\/a>As\u00ed el <a title=\"Abutre's chapter Extremadura en facebook\" href=\"https:\/\/www.facebook.com\/Abutres-Spain-PC-Chappter-Extremadura-202897986713001\/?fref=ts\" target=\"_blank\" rel=\"external nofollow\">Abutre&#8217;s chapter Extremadura<\/a>, nos ha preparado una fiesta de car\u00e1cter abierta a moteros y simpatizantes. Tendr\u00e1 lugar el <strong>s\u00e1bado 30 de abril<\/strong>, en el bar cafeter\u00eda &#8220;Casa Plata&#8221; de <a title=\"C\u00e1ceres en wikipedia\" href=\"https:\/\/es.wikipedia.org\/wiki\/C%C3%A1ceres\" target=\"_blank\" rel=\"external nofollow\">C\u00e1ceres<\/a>, con hora de inicio a las 10 horas. En ella no faltar\u00e1 m\u00fasica durante todo el d\u00eda, paella para los asistentes, regalos, buen ambiente,&#8230; y motos.<!--more--><\/p>\n<p>El chapter de Extremadura ya nos realiz\u00f3 una <a title=\"Fiesta Abutre's chapter Extremadura en 2015\" href=\"https:\/\/blogs.hoy.es\/moterosdehoy\/2014\/08\/15\/en-extremadura-ya-hay-un-mc\/\" target=\"_blank\">fiesta el a\u00f1o pasado<\/a>, y ahora se ha incrementado con la incorporaci\u00f3n de nuevos miembros, que de seguro se esforzar\u00e1n por que disfrutemos de un gran d\u00eda.<\/p>\n<p>Para los que desconozc\u00e1is el moto club <a title=\"P\u00e1gina oficial de Abutre's MC\" href=\"http:\/\/www.abutres.com.br\/\" target=\"_blank\" rel=\"external nofollow\">Abutre&#8217;s<\/a>, decir que fue fundado el 10 de septiembre de 1989 en Brasil, y a d\u00eda de hoy es uno de los mayores MC del mundo. El nombre le proviene de la inspiraci\u00f3n de sus fundadores en el buitre, ave con fuerte sentimiendo de libertad, y sus colores, pues el buitre en Brasil porta los colores blanco y negro.<\/p>\n<p>Saludos y r\u00e1fagas.<\/p>\n<!-- AddThis Advanced Settings generic via filter on the_content --><!-- AddThis Share Buttons generic via filter on the_content -->","protected":false},"excerpt":{"rendered":"<p>Dentro del mundo de las motos hay clubes de muchos tipos, mayores, m\u00e1s peque\u00f1os, m\u00e1s organizados, otros con apenas algunas reglas&#8230; pero todos tienen una cosa en com\u00fan, sus inicios. Los inicios de un club son dif\u00edciles, pues lleva mucho trabajo y compromiso, siempre habr\u00e1 componentes que se impliquen m\u00e1s que otros, es normal, unas [&hellip;]<!-- AddThis Advanced Settings generic via filter on get_the_excerpt --><!-- AddThis Share Buttons generic via filter on get_the_excerpt --><\/p>\n","protected":false},"author":49,"featured_media":0,"comment_status":"open","ping_status":"closed","sticky":false,"template":"","format":"standard","meta":[],"categories":[13],"tags":[97,410,609,622,624],"_links":{"self":[{"href":"https:\/\/blogs.hoy.es\/moterosdehoy\/wp-json\/wp\/v2\/posts\/1872"}],"collection":[{"href":"https:\/\/blogs.hoy.es\/moterosdehoy\/wp-json\/wp\/v2\/posts"}],"about":[{"href":"https:\/\/blogs.hoy.es\/moterosdehoy\/wp-json\/wp\/v2\/types\/post"}],"author":[{"embeddable":true,"href":"https:\/\/blogs.hoy.es\/moterosdehoy\/wp-json\/wp\/v2\/users\/49"}],"replies":[{"embeddable":true,"href":"https:\/\/blogs.hoy.es\/moterosdehoy\/wp-json\/wp\/v2\/comments?post=1872"}],"version-history":[{"count":0,"href":"https:\/\/blogs.hoy.es\/moterosdehoy\/wp-json\/wp\/v2\/posts\/1872\/revisions"}],"wp:attachment":[{"href":"https:\/\/blogs.hoy.es\/moterosdehoy\/wp-json\/wp\/v2\/media?parent=1872"}],"wp:term":[{"taxonomy":"category","embeddable":true,"href":"https:\/\/blogs.hoy.es\/moterosdehoy\/wp-json\/wp\/v2\/categories?post=1872"},{"taxonomy":"post_tag","embeddable":true,"href":"https:\/\/blogs.hoy.es\/moterosdehoy\/wp-json\/wp\/v2\/tags?post=1872"}],"curies":[{"name":"wp","href":"https:\/\/api.w.org\/{rel}","templated":true}]}}