{"id":1876,"date":"2016-04-26T16:18:33","date_gmt":"2016-04-26T16:18:33","guid":{"rendered":"http:\/\/blogs.hoy.es\/moterosdehoy\/?p=1876"},"modified":"2016-04-26T16:18:33","modified_gmt":"2016-04-26T16:18:33","slug":"rodando-por-valeria-solidaridad-desde-ahigal","status":"publish","type":"post","link":"https:\/\/blogs.hoy.es\/moterosdehoy\/2016\/04\/26\/rodando-por-valeria-solidaridad-desde-ahigal\/","title":{"rendered":"Rodando por Valeria, solidaridad desde Ahigal"},"content":{"rendered":"<p>Despu\u00e9s de tener fecha y verse aplazada la ruta solidaria por mala climatolog\u00eda, ya con el buen tiempo asegurado tiene fecha, ser\u00e1 el <strong>domingo 01 de mayo<\/strong>, con punto de encuentro en <strong><a title=\"Ahigal en wikipedia\" href=\"https:\/\/es.wikipedia.org\/wiki\/Ahigal_(C%C3%A1ceres)\" target=\"_blank\" rel=\"external nofollow\">Ahigal<\/a><\/strong> (C\u00e1ceres)<\/p>\n<p><a href=\"\/moterosdehoy\/wp-content\/uploads\/sites\/45\/2016\/04\/2016-05-Ahigal.jpg\"><img loading=\"lazy\" class=\"alignleft size-medium wp-image-1877\" title=\"2016-05 Ahigal\" src=\"\/moterosdehoy\/wp-content\/uploads\/sites\/45\/2016\/04\/2016-05-Ahigal.jpg\" alt=\"\" width=\"212\" height=\"300\" srcset=\"https:\/\/static-blogs.hoy.es\/wp-content\/uploads\/sites\/45\/2016\/04\/2016-05-Ahigal.jpg 603w, https:\/\/static-blogs.hoy.es\/wp-content\/uploads\/sites\/45\/2016\/04\/2016-05-Ahigal-213x300.jpg 213w\" sizes=\"(max-width: 212px) 100vw, 212px\" \/><\/a>Como se anunci\u00f3 en su d\u00eda, en la localidad cacere\u00f1a de Carcaboso, vive una peque\u00f1a de cuatro a\u00f1os llamada Valeria Curto Moreno, y tiene un grave problema,<!--more--> las venas de su coraz\u00f3n no est\u00e1n bien conectadas con los pulmones, se denomina \u201cAtresia Pulmonar Grave\u201d, y los m\u00e9dicos no se atreven a operarla en Espa\u00f1a. En Boston (Estados Unidos) si se cura, pero necesita al menos dos operaciones, con unos costes muy elevados, por lo que toda ayuda es poca. En \u00e9ste caso un grupo de amigos ha organizado un evento con ruta motera solidaria para poder ofrecerle los beneficios.<\/p>\n<p>Dentro del <strong>programa<\/strong> tienen previsto:<\/p>\n<ul>\n<li>10:00 horas, apertura de inscripciones y perrunillas.<\/li>\n<li>11:30 h, salida de ruta, con dos paradas y sus respectivas consumiciones.<\/li>\n<li>14:30 h, comida en Ahigal, con sangr\u00eda y postre. La comida y sobremesa estar\u00e1 amenizada por Santos Music Animaci\u00f3n.<\/li>\n<\/ul>\n<p>Adem\u00e1s del buen tiempo, est\u00e1 garantizado el buen ambiente motero, que al tratarse de un evento solidario seguro tendr\u00e1 buena aceptaci\u00f3n.<\/p>\n<p>Toda la recaudaci\u00f3n ser\u00e1 donada integra a la <a title=\"Enlace a Fundaci\u00f3n Valeria\" href=\"https:\/\/fvaleria.wordpress.com\/author\/fvaleria\/\" target=\"_blank\" rel=\"external nofollow\">Fundaci\u00f3n Valeria<\/a>. Dicha fundaci\u00f3n dispone de una p\u00e1gina web donde est\u00e1n reflejados todos los eventos que van realizando y los pr\u00f3ximos disponibles, adem\u00e1s de pasos a seguir si quieres crear un evento o colaborar de alg\u00fan modo.<\/p>\n<p>Saludos y r\u00e1fagas.<\/p>\n<!-- AddThis Advanced Settings generic via filter on the_content --><!-- AddThis Share Buttons generic via filter on the_content -->","protected":false},"excerpt":{"rendered":"<p>Despu\u00e9s de tener fecha y verse aplazada la ruta solidaria por mala climatolog\u00eda, ya con el buen tiempo asegurado tiene fecha, ser\u00e1 el domingo 01 de mayo, con punto de encuentro en Ahigal (C\u00e1ceres) Como se anunci\u00f3 en su d\u00eda, en la localidad cacere\u00f1a de Carcaboso, vive una peque\u00f1a de cuatro a\u00f1os llamada Valeria Curto [&hellip;]<!-- AddThis Advanced Settings generic via filter on get_the_excerpt --><!-- AddThis Share Buttons generic via filter on get_the_excerpt --><\/p>\n","protected":false},"author":49,"featured_media":0,"comment_status":"open","ping_status":"closed","sticky":false,"template":"","format":"standard","meta":[],"categories":[13],"tags":[424,613,622,624,879],"_links":{"self":[{"href":"https:\/\/blogs.hoy.es\/moterosdehoy\/wp-json\/wp\/v2\/posts\/1876"}],"collection":[{"href":"https:\/\/blogs.hoy.es\/moterosdehoy\/wp-json\/wp\/v2\/posts"}],"about":[{"href":"https:\/\/blogs.hoy.es\/moterosdehoy\/wp-json\/wp\/v2\/types\/post"}],"author":[{"embeddable":true,"href":"https:\/\/blogs.hoy.es\/moterosdehoy\/wp-json\/wp\/v2\/users\/49"}],"replies":[{"embeddable":true,"href":"https:\/\/blogs.hoy.es\/moterosdehoy\/wp-json\/wp\/v2\/comments?post=1876"}],"version-history":[{"count":0,"href":"https:\/\/blogs.hoy.es\/moterosdehoy\/wp-json\/wp\/v2\/posts\/1876\/revisions"}],"wp:attachment":[{"href":"https:\/\/blogs.hoy.es\/moterosdehoy\/wp-json\/wp\/v2\/media?parent=1876"}],"wp:term":[{"taxonomy":"category","embeddable":true,"href":"https:\/\/blogs.hoy.es\/moterosdehoy\/wp-json\/wp\/v2\/categories?post=1876"},{"taxonomy":"post_tag","embeddable":true,"href":"https:\/\/blogs.hoy.es\/moterosdehoy\/wp-json\/wp\/v2\/tags?post=1876"}],"curies":[{"name":"wp","href":"https:\/\/api.w.org\/{rel}","templated":true}]}}