{"id":1879,"date":"2016-05-04T21:30:37","date_gmt":"2016-05-04T21:30:37","guid":{"rendered":"http:\/\/blogs.hoy.es\/moterosdehoy\/?p=1879"},"modified":"2016-05-04T21:30:37","modified_gmt":"2016-05-04T21:30:37","slug":"quedada-motera-en-navalvillar-de-pela","status":"publish","type":"post","link":"https:\/\/blogs.hoy.es\/moterosdehoy\/2016\/05\/04\/quedada-motera-en-navalvillar-de-pela\/","title":{"rendered":"Quedada motera en Navalvillar de Pela"},"content":{"rendered":"<p>El moto club \u201cA TODO PIST\u00d3N\u201d nos ha preparado para el <strong>domingo\u00a08 de mayo<\/strong>, su sexta quedada motera.<\/p>\n<p><a href=\"\/moterosdehoy\/wp-content\/uploads\/sites\/45\/2016\/05\/2016-05-Navalvillar-de-Pela.jpg\"><img loading=\"lazy\" class=\"alignleft size-medium wp-image-1882\" title=\"2016-05 Navalvillar de Pela\" src=\"\/moterosdehoy\/wp-content\/uploads\/sites\/45\/2016\/05\/2016-05-Navalvillar-de-Pela.jpg\" alt=\"\" width=\"217\" height=\"300\" srcset=\"https:\/\/static-blogs.hoy.es\/wp-content\/uploads\/sites\/45\/2016\/05\/2016-05-Navalvillar-de-Pela.jpg 595w, https:\/\/static-blogs.hoy.es\/wp-content\/uploads\/sites\/45\/2016\/05\/2016-05-Navalvillar-de-Pela-217x300.jpg 217w\" sizes=\"(max-width: 217px) 100vw, 217px\" \/><\/a>Como en ocasiones anteriores tendr\u00e1 lugar en su localidad, <strong><a title=\"Navalvillar de Pela en wikipedia\" href=\"https:\/\/es.wikipedia.org\/wiki\/Navalvillar_de_Pela\" target=\"_blank\" rel=\"external nofollow\">Navalvillar de Pela<\/a> (Badajoz)<\/strong>, y dentro del programa nos tienen previsto dos rutas, una para motos de carretera, y otra para motos de campo y quads, discurriendo \u00e9sta fuera de asfalto.<!--more--><\/p>\n<p>PROGRAMA:<\/p>\n<p>De 09 a 10:30h, en Caf\u00e9 Bar \u201cEl Pincho\u201d, junto a la plaza del emigrante (parque), se podr\u00e1n realizar las inscripciones de 10\u20ac, que incluye bolsa con camiseta y desayuno, entre otros.<\/p>\n<p>La ruta por carretera iniciar\u00e1 con una ruta urbana, para continuar hacia Casas de Don Pedro, Talarrubias y Puebla de Alcocer, donde se realizar\u00e1 una parada en el Mes\u00f3n Restaurante el Anafre, con refrigerio y aperitivo.<\/p>\n<p>Al partir, de nuevo se pasar\u00e1 por el centro de Talarrubias, y Casas de Don Pedro, realizando una parada en el Bar El Cazador, de nuevo con refrigerio y aperitivo.<a href=\"\/moterosdehoy\/wp-content\/uploads\/sites\/45\/2016\/05\/2016-05-Navalvillar-de-Pela_.jpg\"><img loading=\"lazy\" class=\"alignright size-medium wp-image-1884\" title=\"2016-05 Navalvillar de Pela_\" src=\"\/moterosdehoy\/wp-content\/uploads\/sites\/45\/2016\/05\/2016-05-Navalvillar-de-Pela_.jpg\" alt=\"\" width=\"300\" height=\"214\" srcset=\"https:\/\/static-blogs.hoy.es\/wp-content\/uploads\/sites\/45\/2016\/05\/2016-05-Navalvillar-de-Pela_.jpg 960w, https:\/\/static-blogs.hoy.es\/wp-content\/uploads\/sites\/45\/2016\/05\/2016-05-Navalvillar-de-Pela_-300x214.jpg 300w, https:\/\/static-blogs.hoy.es\/wp-content\/uploads\/sites\/45\/2016\/05\/2016-05-Navalvillar-de-Pela_-768x548.jpg 768w\" sizes=\"(max-width: 300px) 100vw, 300px\" \/><\/a><\/p>\n<p>Finalizando la ruta en el Restaurante la Piscina, de Navalvillar de Pela, donde se realizar\u00e1n consurso de cintas y de habilidad de motos, almuerzo, sorteos de regalos, entrega de trofeos, y despedida.<\/p>\n<p>Una quedada motera con todos los ingredientes necesarios para pasar un buen d\u00eda entre amigos. Esperemos que el tiempo permita disfrutar de ella, de lo contrario seguro que por lo menos las motos de campo y los quads disfrutar\u00e1n de lo lindo sobre el barro.<\/p>\n<p>Saludos y r\u00e1fagas.<\/p>\n<!-- AddThis Advanced Settings generic via filter on the_content --><!-- AddThis Share Buttons generic via filter on the_content -->","protected":false},"excerpt":{"rendered":"<p>El moto club \u201cA TODO PIST\u00d3N\u201d nos ha preparado para el domingo\u00a08 de mayo, su sexta quedada motera. Como en ocasiones anteriores tendr\u00e1 lugar en su localidad, Navalvillar de Pela (Badajoz), y dentro del programa nos tienen previsto dos rutas, una para motos de carretera, y otra para motos de campo y quads, discurriendo \u00e9sta [&hellip;]<!-- AddThis Advanced Settings generic via filter on get_the_excerpt --><!-- AddThis Share Buttons generic via filter on get_the_excerpt --><\/p>\n","protected":false},"author":49,"featured_media":0,"comment_status":"open","ping_status":"closed","sticky":false,"template":"","format":"standard","meta":[],"categories":[13],"tags":[611,622,825],"_links":{"self":[{"href":"https:\/\/blogs.hoy.es\/moterosdehoy\/wp-json\/wp\/v2\/posts\/1879"}],"collection":[{"href":"https:\/\/blogs.hoy.es\/moterosdehoy\/wp-json\/wp\/v2\/posts"}],"about":[{"href":"https:\/\/blogs.hoy.es\/moterosdehoy\/wp-json\/wp\/v2\/types\/post"}],"author":[{"embeddable":true,"href":"https:\/\/blogs.hoy.es\/moterosdehoy\/wp-json\/wp\/v2\/users\/49"}],"replies":[{"embeddable":true,"href":"https:\/\/blogs.hoy.es\/moterosdehoy\/wp-json\/wp\/v2\/comments?post=1879"}],"version-history":[{"count":0,"href":"https:\/\/blogs.hoy.es\/moterosdehoy\/wp-json\/wp\/v2\/posts\/1879\/revisions"}],"wp:attachment":[{"href":"https:\/\/blogs.hoy.es\/moterosdehoy\/wp-json\/wp\/v2\/media?parent=1879"}],"wp:term":[{"taxonomy":"category","embeddable":true,"href":"https:\/\/blogs.hoy.es\/moterosdehoy\/wp-json\/wp\/v2\/categories?post=1879"},{"taxonomy":"post_tag","embeddable":true,"href":"https:\/\/blogs.hoy.es\/moterosdehoy\/wp-json\/wp\/v2\/tags?post=1879"}],"curies":[{"name":"wp","href":"https:\/\/api.w.org\/{rel}","templated":true}]}}