{"id":1887,"date":"2016-05-12T18:30:05","date_gmt":"2016-05-12T18:30:05","guid":{"rendered":"http:\/\/blogs.hoy.es\/moterosdehoy\/?p=1887"},"modified":"2016-05-12T18:30:05","modified_gmt":"2016-05-12T18:30:05","slug":"iv-aniversario-moteros-de-hoy","status":"publish","type":"post","link":"https:\/\/blogs.hoy.es\/moterosdehoy\/2016\/05\/12\/iv-aniversario-moteros-de-hoy\/","title":{"rendered":"IV Aniversario Moteros de Hoy"},"content":{"rendered":"<p>Como pasa el tiempo, parece que fue hace unas semanas, cuando me propusieron en el Diario HOY si quer\u00eda escribir un blog sobre motos y su entorno.<\/p>\n<div id=\"attachment_1888\" style=\"width: 310px\" class=\"wp-caption alignleft\"><a href=\"\/moterosdehoy\/wp-content\/uploads\/sites\/45\/2016\/05\/Moteros-de-Hoy.jpg\"><img aria-describedby=\"caption-attachment-1888\" loading=\"lazy\" class=\"size-medium wp-image-1888\" title=\"Moteros de Hoy\" src=\"\/moterosdehoy\/wp-content\/uploads\/sites\/45\/2016\/05\/Moteros-de-Hoy.jpg\" alt=\"\" width=\"300\" height=\"179\" srcset=\"https:\/\/static-blogs.hoy.es\/wp-content\/uploads\/sites\/45\/2016\/05\/Moteros-de-Hoy.jpg 1600w, https:\/\/static-blogs.hoy.es\/wp-content\/uploads\/sites\/45\/2016\/05\/Moteros-de-Hoy-300x180.jpg 300w, https:\/\/static-blogs.hoy.es\/wp-content\/uploads\/sites\/45\/2016\/05\/Moteros-de-Hoy-768x460.jpg 768w, https:\/\/static-blogs.hoy.es\/wp-content\/uploads\/sites\/45\/2016\/05\/Moteros-de-Hoy-1024x614.jpg 1024w\" sizes=\"(max-width: 300px) 100vw, 300px\" \/><\/a><p id=\"caption-attachment-1888\" class=\"wp-caption-text\">Logo Moteros de Hoy<\/p><\/div>\n<p>Moteros de Hoy ya lleva facilitando informaci\u00f3n casi cuatro a\u00f1os, el 25 de mayo de 2012, escrib\u00ed la primera entrada, que comenzaba as\u00ed:\u00a0<em>Bienvenidos al blog de \u201c<strong>Moteros de HOY<\/strong>\u201d, mi nombre es\u00a0<strong>Antonio M\u00e1rquez<\/strong>, Tony o PicaDura para amigos y moteros<\/em>\u2026<\/p>\n<p>Durante el primer a\u00f1o Moteros de Hoy era <!--more-->un\u00a0<a href=\"https:\/\/blogs.hoy.es\/moterosdehoy\/\" target=\"_blank\">blog escrito para el Diario Digital HOY<\/a>, del peri\u00f3dico HOY. A la vez que el blog naci\u00f3 en\u00a0<a href=\"https:\/\/www.facebook.com\/moterosdehoy\" target=\"_blank\" rel=\"external nofollow\">Facebook<\/a>, primero como persona, pero en poco m\u00e1s de un a\u00f1o llegu\u00e9 a 5.000 amigos y para seguir creciendo lo cre\u00e9\u00a0<a href=\"https:\/\/www.facebook.com\/moteroshoy\" target=\"_blank\" rel=\"external nofollow\">como p\u00e1gina<\/a>\u00a0con el mismo nombre, ya va por los 2.600 me gusta.<\/p>\n<p>A los dos a\u00f1os apareci\u00f3 la p\u00e1gina web\u00a0<a href=\"http:\/\/www.moterosdehoy.es\/\" rel=\"external nofollow\">www.moterosdehoy.es<\/a>\u00a0pues el blog est\u00e1 m\u00e1s centrado en la Comunidad de Extremadura y quer\u00eda saltar fuera de ella, dicha web tiene tres a\u00f1os y ya ha pasado de las 180.000 visitas, repartidas por los cinco continentes.<\/p>\n<p>Con el tercer aniversario, y con la idea de seguir informando de un modo m\u00e1s organizado se cre\u00f3 la Asociaci\u00f3n Moteros de Hoy, sin \u00e1nimo de lucro y con fines tur\u00edstico culturales. Con logo propio y estatutos basados en un Custom Club, dado que mi motocicleta es de estilo custom y cuando salgo a rodar me gusta llevar esa configuraci\u00f3n.<\/p>\n<p>La idea es continuar creando eventos y dar informaci\u00f3n de los que programen otras pe\u00f1as, grupos, asociaciones\u2026 para a la vez que disfrutamos de la moto, conocer nuestra regi\u00f3n, con visita a lugares emblem\u00e1ticos, estar al d\u00eda de las normas de Seguridad Vial y estar apoyados los moteros a la hora de querer denunciar alg\u00fan aspecto que nos pueda perjudicar. De ese modo si organizas alg\u00fan evento motero y lo quieres dar a conocer te puede resultar m\u00e1s f\u00e1cil, o si deseas saber que hay a tu alrededor, tener un lugar donde encontrarlo. Ten en cuenta si deseas organizar un evento de motos, que ya hay muchos y los organizadores suelen trabajar meses para llevarlo a cabo, luego llega el del &#8220;Bar Petito&#8221; o &#8220;Pe\u00f1a Manolito&#8221; y sin mirar si tiene eventos a su alrededor organiza algo, que no acude mucha gente, pero lo suficiente para estropear o perjudicar al que ya estaba previsto.<\/p>\n<p>Adem\u00e1s se mostrar\u00e1n accesorios para el motorista y la moto\u2026 En fin todo aquello que nos pueda interesar.<a href=\"\/moterosdehoy\/wp-content\/uploads\/sites\/45\/2016\/05\/IV-Anv-Moteros-de-Hoy.jpg\"><img loading=\"lazy\" class=\"alignright size-medium wp-image-1889\" title=\"IV-Anv Moteros de Hoy\" src=\"\/moterosdehoy\/wp-content\/uploads\/sites\/45\/2016\/05\/IV-Anv-Moteros-de-Hoy.jpg\" alt=\"\" width=\"212\" height=\"300\" srcset=\"https:\/\/static-blogs.hoy.es\/wp-content\/uploads\/sites\/45\/2016\/05\/IV-Anv-Moteros-de-Hoy.jpg 3508w, https:\/\/static-blogs.hoy.es\/wp-content\/uploads\/sites\/45\/2016\/05\/IV-Anv-Moteros-de-Hoy-212x300.jpg 212w, https:\/\/static-blogs.hoy.es\/wp-content\/uploads\/sites\/45\/2016\/05\/IV-Anv-Moteros-de-Hoy-768x1086.jpg 768w, https:\/\/static-blogs.hoy.es\/wp-content\/uploads\/sites\/45\/2016\/05\/IV-Anv-Moteros-de-Hoy-724x1024.jpg 724w\" sizes=\"(max-width: 212px) 100vw, 212px\" \/><\/a><\/p>\n<p>Volviendo al t\u00edtulo del post el pr\u00f3ximo 25 de mayo Moteros de Hoy cumple cuatro a\u00f1os y el fin de semana anterior hemos preparado una fiesta. Ser\u00e1 el IV Aniversario de Moteros de Hoy, I Aniversario como Club, e inauguraci\u00f3n de SEDE. Concretamente tendr\u00e1 lugar el s\u00e1bado <strong>21 de mayo<\/strong>.<\/p>\n<p>En Badajoz coincidir\u00e1 con la fiesta de &#8220;Los Palomos&#8221;, por lo que no haremos ruta por ciudad, salvo para salir de ella. Para los que vengan de fuera a nuestra fiesta tendr\u00e1n por la tarde noche la opci\u00f3n de ir a ver el ambiente del centro, y para los que vengan a los palomos y les gusten las motos, tendr\u00e1n la opci\u00f3n de asistir a una fiesta motera, en nuestra SEDE, que la hemos constituido en el Caf\u00e9 Bar Ruta 3.24, situado en la calle Joaqu\u00edn S\u00e1nchez Valverde (Pol\u00edgono de el Nevero), junto al puente de salida hacia Campo Maior.<\/p>\n<p><strong>PROGRAMA:<\/strong><\/p>\n<p>Desde las\u00a0<strong>09:30 horas desayuno<\/strong>\u00a0en el Caf\u00e9 Bar Ruta 3.24\u00a0(Badajoz), caf\u00e9 y migas a 1\u20ac.<\/p>\n<p>A las\u00a0<strong>10:15 horas salida<\/strong>\u00a0a <a title=\"San Vicente de Alc\u00e1ntara en wikipedia\" href=\"https:\/\/es.wikipedia.org\/wiki\/San_Vicente_de_Alc%C3%A1ntara\" target=\"_blank\" rel=\"external nofollow\">San Vicente de Alc\u00e1ntara<\/a>, se pasar\u00e1 por La Codosera, y se visitar\u00e1 el <a title=\"Museo del Corcho\" href=\"http:\/\/www.escapadarural.com\/que-hacer\/san-vicente-de-alcantara\/museo-del-corcho\" target=\"_blank\" rel=\"external nofollow\">Museo del Corcho<\/a>.<\/p>\n<p>A las 12:30 h, salida de San Vicente de Alc\u00e1ntara a Badajoz. Finalizando la ruta en la SEDE, d\u00f3nde nos esperan con bebidas, comida y m\u00fasica.<\/p>\n<p>La hora prevista de llegada a la Sede es sobre las 13:35, por lo que si no puedes unirte a la ruta, al menos p\u00e1sate a conocernos y escuchar buena m\u00fasica de la mano del Grupo RGB, de Portalegre, que actuar\u00e1 en directo con ROCK de los a\u00f1os 80 y 90.<\/p>\n<p>Durante el evento todas las consumiciones ser\u00e1n libres, por lo que cada cual abonar\u00e1 lo que consuma, a lo que proporcionaremos precios populares. Por ello ser conscientes los que disfrut\u00e9is del Grupo musical con una colaboraci\u00f3n de 2\u20ac, que no es nada, pero el grupo se desplaza desde Portalegre.<\/p>\n<p>En la sede habr\u00e1 un stand con mercader\u00eda de nuestra asociaci\u00f3n \/ Custom Club, y durante la tarde se har\u00e1n aut\u00e9nticas caipirinhas, no te lo pierdas.<\/p>\n<p>Saludos y r\u00e1fagas.<\/p>\n<!-- AddThis Advanced Settings generic via filter on the_content --><!-- AddThis Share Buttons generic via filter on the_content -->","protected":false},"excerpt":{"rendered":"<p>Como pasa el tiempo, parece que fue hace unas semanas, cuando me propusieron en el Diario HOY si quer\u00eda escribir un blog sobre motos y su entorno. Moteros de Hoy ya lleva facilitando informaci\u00f3n casi cuatro a\u00f1os, el 25 de mayo de 2012, escrib\u00ed la primera entrada, que comenzaba as\u00ed:\u00a0Bienvenidos al blog de \u201cMoteros de [&hellip;]<!-- AddThis Advanced Settings generic via filter on get_the_excerpt --><!-- AddThis Share Buttons generic via filter on get_the_excerpt --><\/p>\n","protected":false},"author":49,"featured_media":0,"comment_status":"open","ping_status":"closed","sticky":false,"template":"","format":"standard","meta":[],"categories":[13],"tags":[67,328,611,622,731,751],"_links":{"self":[{"href":"https:\/\/blogs.hoy.es\/moterosdehoy\/wp-json\/wp\/v2\/posts\/1887"}],"collection":[{"href":"https:\/\/blogs.hoy.es\/moterosdehoy\/wp-json\/wp\/v2\/posts"}],"about":[{"href":"https:\/\/blogs.hoy.es\/moterosdehoy\/wp-json\/wp\/v2\/types\/post"}],"author":[{"embeddable":true,"href":"https:\/\/blogs.hoy.es\/moterosdehoy\/wp-json\/wp\/v2\/users\/49"}],"replies":[{"embeddable":true,"href":"https:\/\/blogs.hoy.es\/moterosdehoy\/wp-json\/wp\/v2\/comments?post=1887"}],"version-history":[{"count":0,"href":"https:\/\/blogs.hoy.es\/moterosdehoy\/wp-json\/wp\/v2\/posts\/1887\/revisions"}],"wp:attachment":[{"href":"https:\/\/blogs.hoy.es\/moterosdehoy\/wp-json\/wp\/v2\/media?parent=1887"}],"wp:term":[{"taxonomy":"category","embeddable":true,"href":"https:\/\/blogs.hoy.es\/moterosdehoy\/wp-json\/wp\/v2\/categories?post=1887"},{"taxonomy":"post_tag","embeddable":true,"href":"https:\/\/blogs.hoy.es\/moterosdehoy\/wp-json\/wp\/v2\/tags?post=1887"}],"curies":[{"name":"wp","href":"https:\/\/api.w.org\/{rel}","templated":true}]}}