{"id":1890,"date":"2016-05-17T14:24:14","date_gmt":"2016-05-17T14:24:14","guid":{"rendered":"http:\/\/blogs.hoy.es\/moterosdehoy\/?p=1890"},"modified":"2016-05-17T14:24:14","modified_gmt":"2016-05-17T14:24:14","slug":"ruta-de-los-valles-en-plasencia-2","status":"publish","type":"post","link":"https:\/\/blogs.hoy.es\/moterosdehoy\/2016\/05\/17\/ruta-de-los-valles-en-plasencia-2\/","title":{"rendered":"Ruta de los Valles en Plasencia"},"content":{"rendered":"<p>Tras anularse por mala climatolog\u00eda, se pospuso, y est\u00e1 aqu\u00ed la Ruta de los Valles.<\/p>\n<p><a href=\"\/moterosdehoy\/wp-content\/uploads\/sites\/45\/2016\/05\/2016-05-Plasencia.jpg\"><img loading=\"lazy\" class=\"alignleft size-medium wp-image-1896\" title=\"2016-05- Plasencia\" src=\"\/moterosdehoy\/wp-content\/uploads\/sites\/45\/2016\/05\/2016-05-Plasencia.jpg\" alt=\"\" width=\"300\" height=\"212\" srcset=\"https:\/\/static-blogs.hoy.es\/wp-content\/uploads\/sites\/45\/2016\/05\/2016-05-Plasencia.jpg 960w, https:\/\/static-blogs.hoy.es\/wp-content\/uploads\/sites\/45\/2016\/05\/2016-05-Plasencia-300x213.jpg 300w, https:\/\/static-blogs.hoy.es\/wp-content\/uploads\/sites\/45\/2016\/05\/2016-05-Plasencia-768x545.jpg 768w\" sizes=\"(max-width: 300px) 100vw, 300px\" \/><\/a>El\u00a0<a title=\"Custom Club Extremadura en facebook\" href=\"https:\/\/www.facebook.com\/Custom-Club-Extremadura-783221755133139\/\" target=\"_blank\" rel=\"external nofollow\">Custom Club Extremadura<\/a>\u00a0ha organizado para el s\u00e1bado\u00a0<strong>21 de mayo<\/strong>, una\u00a0<a title=\"Enlace al evento en facebook\" href=\"https:\/\/www.facebook.com\/events\/1633871083501979\/\" target=\"_blank\" rel=\"external nofollow\">Ruta Solidaria<\/a>\u00a0a favor de la Federaci\u00f3n Espa\u00f1ola de Enfermedades Raras. Con su salida de\u00a0<a title=\"Plasencia en wikipedia\" href=\"https:\/\/es.wikipedia.org\/wiki\/Plasencia\" target=\"_blank\" rel=\"external nofollow\">Plasencia<\/a>\u00a0(C\u00e1ceres)<!--more--><\/p>\n<p>Hay una inscripci\u00f3n\/donaci\u00f3n de 5\u20ac, con lo que podr\u00e1s acceder a migas, paella y concierto en directo, todo por una buena causa.<\/p>\n<p>Dentro del programa tienen previsto:<\/p>\n<p>&#8211; 10:00 h. Desayuno, con migas, en Cafeter\u00eda Supremo de Plasencia.<\/p>\n<p>&#8211; 11:00 h. Salida Ruta. Se partir\u00e1 desde la misma Cafeter\u00eda del desayuno y transcurrir\u00e1 por la zona de los Valles.<\/p>\n<p>&#8211; 14:00 h. Comida en el\u00a0<a title=\"Chiringuito de Mon en facebook\" href=\"https:\/\/www.facebook.com\/montsedevesallopis?fref=ts\" target=\"_blank\" rel=\"external nofollow\">Chiringuito de Mon<\/a>, en\u00a0<a title=\"Navaconcejo en wikipedia\" href=\"https:\/\/es.wikipedia.org\/wiki\/Navaconcejo\" target=\"_blank\" rel=\"external nofollow\">Navaconcejo<\/a>\u00a0(C\u00e1ceres)<\/p>\n<p>De seguro que ser\u00e1 un gran d\u00eda de convivencia motera, adem\u00e1s apoyando la solidaridad y por si no es suficiente con una preciosa ruta por los Valles del norte de C\u00e1ceres. Adem\u00e1s se sortear\u00e1 un tatoo valorado en 150\u20ac<\/p>\n<p>Saludos y r\u00e1fagas.<\/p>\n<!-- AddThis Advanced Settings generic via filter on the_content --><!-- AddThis Share Buttons generic via filter on the_content -->","protected":false},"excerpt":{"rendered":"<p>Tras anularse por mala climatolog\u00eda, se pospuso, y est\u00e1 aqu\u00ed la Ruta de los Valles. El\u00a0Custom Club Extremadura\u00a0ha organizado para el s\u00e1bado\u00a021 de mayo, una\u00a0Ruta Solidaria\u00a0a favor de la Federaci\u00f3n Espa\u00f1ola de Enfermedades Raras. Con su salida de\u00a0Plasencia\u00a0(C\u00e1ceres)<!-- AddThis Advanced Settings generic via filter on get_the_excerpt --><!-- AddThis Share Buttons generic via filter on get_the_excerpt --><\/p>\n","protected":false},"author":49,"featured_media":0,"comment_status":"open","ping_status":"closed","sticky":false,"template":"","format":"standard","meta":[],"categories":[13],"tags":[327,611,622,860],"_links":{"self":[{"href":"https:\/\/blogs.hoy.es\/moterosdehoy\/wp-json\/wp\/v2\/posts\/1890"}],"collection":[{"href":"https:\/\/blogs.hoy.es\/moterosdehoy\/wp-json\/wp\/v2\/posts"}],"about":[{"href":"https:\/\/blogs.hoy.es\/moterosdehoy\/wp-json\/wp\/v2\/types\/post"}],"author":[{"embeddable":true,"href":"https:\/\/blogs.hoy.es\/moterosdehoy\/wp-json\/wp\/v2\/users\/49"}],"replies":[{"embeddable":true,"href":"https:\/\/blogs.hoy.es\/moterosdehoy\/wp-json\/wp\/v2\/comments?post=1890"}],"version-history":[{"count":0,"href":"https:\/\/blogs.hoy.es\/moterosdehoy\/wp-json\/wp\/v2\/posts\/1890\/revisions"}],"wp:attachment":[{"href":"https:\/\/blogs.hoy.es\/moterosdehoy\/wp-json\/wp\/v2\/media?parent=1890"}],"wp:term":[{"taxonomy":"category","embeddable":true,"href":"https:\/\/blogs.hoy.es\/moterosdehoy\/wp-json\/wp\/v2\/categories?post=1890"},{"taxonomy":"post_tag","embeddable":true,"href":"https:\/\/blogs.hoy.es\/moterosdehoy\/wp-json\/wp\/v2\/tags?post=1890"}],"curies":[{"name":"wp","href":"https:\/\/api.w.org\/{rel}","templated":true}]}}