{"id":1898,"date":"2016-05-17T14:41:32","date_gmt":"2016-05-17T14:41:32","guid":{"rendered":"http:\/\/blogs.hoy.es\/moterosdehoy\/?p=1898"},"modified":"2016-05-17T14:41:32","modified_gmt":"2016-05-17T14:41:32","slug":"concentracion-mototuristica-villa-de-alconchel-2","status":"publish","type":"post","link":"https:\/\/blogs.hoy.es\/moterosdehoy\/2016\/05\/17\/concentracion-mototuristica-villa-de-alconchel-2\/","title":{"rendered":"Concentraci\u00f3n mototur\u00edstica Villa de Alconchel"},"content":{"rendered":"<p>El fin de semana del 21 y 22 de mayo, tendr\u00e1n lugar las fiestas de la localidad pacense de <a title=\"Alconchel en wikipedia\" href=\"https:\/\/es.wikipedia.org\/wiki\/Alconchel\" target=\"_blank\" rel=\"external nofollow\">Alconchel<\/a>, y con motivo de las fiestas el Excmo. Ayuntamiento ha organizado una concentraci\u00f3n motera.<\/p>\n<p><a href=\"\/moterosdehoy\/wp-content\/uploads\/sites\/45\/2016\/05\/2016-05-Alconchel.png\"><img loading=\"lazy\" class=\"alignleft size-medium wp-image-1899\" title=\"2016-05 Alconchel\" src=\"\/moterosdehoy\/wp-content\/uploads\/sites\/45\/2016\/05\/2016-05-Alconchel.png\" alt=\"\" width=\"300\" height=\"207\" srcset=\"https:\/\/static-blogs.hoy.es\/wp-content\/uploads\/sites\/45\/2016\/05\/2016-05-Alconchel.png 1040w, https:\/\/static-blogs.hoy.es\/wp-content\/uploads\/sites\/45\/2016\/05\/2016-05-Alconchel-300x208.png 300w, https:\/\/static-blogs.hoy.es\/wp-content\/uploads\/sites\/45\/2016\/05\/2016-05-Alconchel-768x532.png 768w, https:\/\/static-blogs.hoy.es\/wp-content\/uploads\/sites\/45\/2016\/05\/2016-05-Alconchel-1024x709.png 1024w\" sizes=\"(max-width: 300px) 100vw, 300px\" \/><\/a>La concentraci\u00f3n iniciar\u00e1 el s\u00e1bado a las 18:00h, con apertura de inscripciones en el recinto ferial, concretamente en el stand del Ayuntamiento. Dichas inscripciones ser\u00e1n de 3\u20ac y tambi\u00e9n estar\u00e1n disponibles el domingo desde las 12:00h.<!--more--><\/p>\n<p>Con las inscripci\u00f3n tendr\u00e1s una bolsa de bienvenida, con regalos, visitas guiadas, cena barbacoa el s\u00e1bado y comida del domingo, ruta por Alqueva, concierto con m\u00fasica de los 60 y 70, y si todo eso te parece poco, albergue municipal disponible y gratuito para los cincuenta primeros inscritos que lo soliciten. En el cartel tienes disponible el contacto con los organizadores, por si quieres asegurarte una plaza.<\/p>\n<p>Aprovecha un buen fin de semana de ferias de una gran localidad y divi\u00e9rtete a lo grande.<\/p>\n<p>Saludos y r\u00e1fagas.<\/p>\n<!-- AddThis Advanced Settings generic via filter on the_content --><!-- AddThis Share Buttons generic via filter on the_content -->","protected":false},"excerpt":{"rendered":"<p>El fin de semana del 21 y 22 de mayo, tendr\u00e1n lugar las fiestas de la localidad pacense de Alconchel, y con motivo de las fiestas el Excmo. Ayuntamiento ha organizado una concentraci\u00f3n motera. La concentraci\u00f3n iniciar\u00e1 el s\u00e1bado a las 18:00h, con apertura de inscripciones en el recinto ferial, concretamente en el stand del [&hellip;]<!-- AddThis Advanced Settings generic via filter on get_the_excerpt --><!-- AddThis Share Buttons generic via filter on get_the_excerpt --><\/p>\n","protected":false},"author":49,"featured_media":0,"comment_status":"open","ping_status":"closed","sticky":false,"template":"","format":"standard","meta":[],"categories":[13],"tags":[611,622,669],"_links":{"self":[{"href":"https:\/\/blogs.hoy.es\/moterosdehoy\/wp-json\/wp\/v2\/posts\/1898"}],"collection":[{"href":"https:\/\/blogs.hoy.es\/moterosdehoy\/wp-json\/wp\/v2\/posts"}],"about":[{"href":"https:\/\/blogs.hoy.es\/moterosdehoy\/wp-json\/wp\/v2\/types\/post"}],"author":[{"embeddable":true,"href":"https:\/\/blogs.hoy.es\/moterosdehoy\/wp-json\/wp\/v2\/users\/49"}],"replies":[{"embeddable":true,"href":"https:\/\/blogs.hoy.es\/moterosdehoy\/wp-json\/wp\/v2\/comments?post=1898"}],"version-history":[{"count":0,"href":"https:\/\/blogs.hoy.es\/moterosdehoy\/wp-json\/wp\/v2\/posts\/1898\/revisions"}],"wp:attachment":[{"href":"https:\/\/blogs.hoy.es\/moterosdehoy\/wp-json\/wp\/v2\/media?parent=1898"}],"wp:term":[{"taxonomy":"category","embeddable":true,"href":"https:\/\/blogs.hoy.es\/moterosdehoy\/wp-json\/wp\/v2\/categories?post=1898"},{"taxonomy":"post_tag","embeddable":true,"href":"https:\/\/blogs.hoy.es\/moterosdehoy\/wp-json\/wp\/v2\/tags?post=1898"}],"curies":[{"name":"wp","href":"https:\/\/api.w.org\/{rel}","templated":true}]}}