{"id":19,"date":"2012-05-25T18:11:24","date_gmt":"2012-05-25T18:11:24","guid":{"rendered":"http:\/\/blogs.hoy.es\/moterosdehoy\/?p=19"},"modified":"2012-05-25T18:11:24","modified_gmt":"2012-05-25T18:11:24","slug":"kedada-de-ducatistas-en-badajoz","status":"publish","type":"post","link":"https:\/\/blogs.hoy.es\/moterosdehoy\/2012\/05\/25\/kedada-de-ducatistas-en-badajoz\/","title":{"rendered":"2012-05-25 Kedada de Ducatistas en Badajoz"},"content":{"rendered":"<p style=\"text-align: justify;\">\u00a0 \u00a0 \u00a0El viernes 25 de mayo comenz\u00f3 el <strong>IX KDD Ciudad de Badajoz<\/strong>. Concentraci\u00f3n motera de car\u00e1cter nacional que en \u00e9sta edici\u00f3n visit\u00f3 <a title=\"Extremadura en wikipedia\" href=\"http:\/\/es.wikipedia.org\/wiki\/Extremadura\" target=\"_blank\" rel=\"external nofollow\">Extremadura<\/a>.<\/p>\n<p style=\"text-align: justify;\">\u00a0 \u00a0 \u00a0En \u00e9sta ocasi\u00f3n los ducatistas eligieron Badajoz para reunirse durante los d\u00edas 25, 26 y 27 de Mayo. Las inscripciones iban entre los 50 y los 160 euros, dependiendo de los distintos pack de los que quisieras formar parte. Entre las distintas opciones se encontraban el alojamiento de dos noches con desayuno en el <a title=\"Holtel Zurbar\u00e1n, Badajoz\" href=\"http:\/\/www.hotelhusazurbaran.com\/\" target=\"_blank\" rel=\"external nofollow\">Hotel Zurbar\u00e1n<\/a> de Badajoz, cena y comida del S\u00e1bado, as\u00ed como una ruta de 150 kil\u00f3metros, que iba a San Vicente de Alc\u00e1ntara y pasaba por Alburquerque, parando en la plaza Alta de Badajoz a su regreso.<\/p>\n<p style=\"text-align: justify;\">\u00a0 \u00a0 \u00a0Si tienes una <a title=\"P\u00e1gina oficial de Ducati Espa\u00f1a\" href=\"http:\/\/www.ducati.es\/\" target=\"_blank\" rel=\"external nofollow\">Ducati<\/a> y a\u00fan no te has registrado o deseas m\u00e1s informaci\u00f3n entra en la p\u00e1gina <a href=\"http:\/\/www.ducatistas.com\/foros\/salidas-kdd-y-viajes\/movido-ix-kdd-nacional-ducatistas-com\/\" target=\"_blank\" rel=\"external nofollow\">ducatistas.com<\/a>, si tan solo te gustan las motos disfruta de la compa\u00f1\u00eda.<\/p>\n<p><a href=\"\/moterosdehoy\/wp-content\/uploads\/sites\/45\/2012\/05\/colaboradoreskdd3.jpg\"><img loading=\"lazy\" class=\"aligncenter size-medium wp-image-24\" title=\"colaboradoreskdd\" src=\"\/moterosdehoy\/wp-content\/uploads\/sites\/45\/2012\/05\/colaboradoreskdd3.jpg\" alt=\"\" width=\"300\" height=\"167\" srcset=\"https:\/\/static-blogs.hoy.es\/wp-content\/uploads\/sites\/45\/2012\/05\/colaboradoreskdd3.jpg 1751w, https:\/\/static-blogs.hoy.es\/wp-content\/uploads\/sites\/45\/2012\/05\/colaboradoreskdd3-300x167.jpg 300w, https:\/\/static-blogs.hoy.es\/wp-content\/uploads\/sites\/45\/2012\/05\/colaboradoreskdd3-768x429.jpg 768w, https:\/\/static-blogs.hoy.es\/wp-content\/uploads\/sites\/45\/2012\/05\/colaboradoreskdd3-1024x571.jpg 1024w\" sizes=\"(max-width: 300px) 100vw, 300px\" \/><\/a><\/p>\n<p style=\"text-align: justify;\">\u00a0 \u00a0 \u00a0En el evento motero colaboraban Ducati club Extremadura, Ducati club Portugal y DOC Ducatistas.<a href=\"\/moterosdehoy\/wp-content\/uploads\/sites\/45\/2012\/05\/colaboradoreskdd21.jpg\"><br \/>\n<\/a><br \/>\n<iframe loading=\"lazy\" src=\"\/\/www.youtube.com\/embed\/Bz7a7nQGoUM\" frameborder=\"0\" width=\"640\" height=\"360\"><\/iframe><br \/>\n<strong>\u00a0 \u00a0 Saludos y r\u00e1fagas.<\/strong><a href=\"\/moterosdehoy\/wp-content\/uploads\/sites\/45\/2012\/05\/colaboradoreskdd1.jpg\"><br \/>\n<\/a><\/p>\n<!-- AddThis Advanced Settings generic via filter on the_content --><!-- AddThis Share Buttons generic via filter on the_content -->","protected":false},"excerpt":{"rendered":"<p>\u00a0 \u00a0 \u00a0El viernes 25 de mayo comenz\u00f3 el IX KDD Ciudad de Badajoz. Concentraci\u00f3n motera de car\u00e1cter nacional que en \u00e9sta edici\u00f3n visit\u00f3 Extremadura. \u00a0 \u00a0 \u00a0En \u00e9sta ocasi\u00f3n los ducatistas eligieron Badajoz para reunirse durante los d\u00edas 25, 26 y 27 de Mayo. Las inscripciones iban entre los 50 y los 160 euros, [&hellip;]<!-- AddThis Advanced Settings generic via filter on get_the_excerpt --><!-- AddThis Share Buttons generic via filter on get_the_excerpt --><\/p>\n","protected":false},"author":49,"featured_media":0,"comment_status":"open","ping_status":"closed","sticky":false,"template":"","format":"standard","meta":[],"categories":[13],"tags":[227,228,353,546,618,622],"_links":{"self":[{"href":"https:\/\/blogs.hoy.es\/moterosdehoy\/wp-json\/wp\/v2\/posts\/19"}],"collection":[{"href":"https:\/\/blogs.hoy.es\/moterosdehoy\/wp-json\/wp\/v2\/posts"}],"about":[{"href":"https:\/\/blogs.hoy.es\/moterosdehoy\/wp-json\/wp\/v2\/types\/post"}],"author":[{"embeddable":true,"href":"https:\/\/blogs.hoy.es\/moterosdehoy\/wp-json\/wp\/v2\/users\/49"}],"replies":[{"embeddable":true,"href":"https:\/\/blogs.hoy.es\/moterosdehoy\/wp-json\/wp\/v2\/comments?post=19"}],"version-history":[{"count":0,"href":"https:\/\/blogs.hoy.es\/moterosdehoy\/wp-json\/wp\/v2\/posts\/19\/revisions"}],"wp:attachment":[{"href":"https:\/\/blogs.hoy.es\/moterosdehoy\/wp-json\/wp\/v2\/media?parent=19"}],"wp:term":[{"taxonomy":"category","embeddable":true,"href":"https:\/\/blogs.hoy.es\/moterosdehoy\/wp-json\/wp\/v2\/categories?post=19"},{"taxonomy":"post_tag","embeddable":true,"href":"https:\/\/blogs.hoy.es\/moterosdehoy\/wp-json\/wp\/v2\/tags?post=19"}],"curies":[{"name":"wp","href":"https:\/\/api.w.org\/{rel}","templated":true}]}}