{"id":1900,"date":"2016-05-18T19:23:33","date_gmt":"2016-05-18T19:23:33","guid":{"rendered":"http:\/\/blogs.hoy.es\/moterosdehoy\/?p=1900"},"modified":"2016-05-18T19:23:33","modified_gmt":"2016-05-18T19:23:33","slug":"extrauto-concesionario-bmw-en-badajoz","status":"publish","type":"post","link":"https:\/\/blogs.hoy.es\/moterosdehoy\/2016\/05\/18\/extrauto-concesionario-bmw-en-badajoz\/","title":{"rendered":"EXTRAUTO concesionario BMW en Badajoz"},"content":{"rendered":"<p>Son muchas las tiendas de motocicletas y accesorios moteros que tenemos en Extremadura, pero no los conocemos todos.<\/p>\n<p><a href=\"\/moterosdehoy\/wp-content\/uploads\/sites\/45\/2016\/05\/IMG_3526.jpg\"><img loading=\"lazy\" class=\"alignleft size-medium wp-image-1905\" title=\"IMG_3526\" src=\"\/moterosdehoy\/wp-content\/uploads\/sites\/45\/2016\/05\/IMG_3526.jpg\" alt=\"\" width=\"300\" height=\"225\" srcset=\"https:\/\/static-blogs.hoy.es\/wp-content\/uploads\/sites\/45\/2016\/05\/IMG_3526.jpg 1632w, https:\/\/static-blogs.hoy.es\/wp-content\/uploads\/sites\/45\/2016\/05\/IMG_3526-300x225.jpg 300w, https:\/\/static-blogs.hoy.es\/wp-content\/uploads\/sites\/45\/2016\/05\/IMG_3526-768x576.jpg 768w, https:\/\/static-blogs.hoy.es\/wp-content\/uploads\/sites\/45\/2016\/05\/IMG_3526-1024x768.jpg 1024w\" sizes=\"(max-width: 300px) 100vw, 300px\" \/><\/a>Con la idea de conocer los establecimientos dedicados al mercado de las dos ruedas motorizadas, repartidos por Extremadura, poco a poco los ir\u00e9 presentando.<\/p>\n<p>Para comenzar y dado que hace poco tiempo han remodelado el concesionario, aqu\u00ed ten\u00e9is BMW\u00a0<a title=\"Extrauto motorrad\" href=\"http:\/\/red.bmw.es\/extrauto-badajoz\/es_ES\/home.html\" target=\"_blank\" rel=\"external nofollow\">EXTRAUTO<\/a>\u00a0Motorrad, concesionario BMW en Badajoz. En \u00e9l dispones de mercado de motocicletas nuevas, usadas y por supuesto taller, tanto para mantenimiento, como para reparaciones.<\/p>\n<p>Adem\u00e1s de numerosas motocicletas de diversos modelos y cilindradas, tienen algo de accesorios y ropa, por supuesto adem\u00e1s de unos buenos y actualizados cat\u00e1logos. Hay que decir que sus instalaciones son dignas de ir a visitarlas y dejar que disfrute la vista.<\/p>\n<p>Como es de esperar para un concesionario de marca premium, sus vendedores son atentos y har\u00e1n que te sientas c\u00f3modo.<\/p>\n<p>El concesionario se encuentra en Badajoz, concretamente en\u00a0Autov\u00eda Madrid-Lisboa, Km. 398,9, cp\u00a006009, con acceso desde dicho punto, o desde la carretera de La Corte, por donde acceder\u00e1s directo al taller.<\/p>\n<p>Os dejo unas fotos de la exposici\u00f3n de veh\u00edculos nuevos y sala de espera:<\/p>\n\n\t\t<style type=\"text\/css\">\n\t\t\t#gallery-1 {\n\t\t\t\tmargin: auto;\n\t\t\t}\n\t\t\t#gallery-1 .gallery-item {\n\t\t\t\tfloat: left;\n\t\t\t\tmargin-top: 10px;\n\t\t\t\ttext-align: center;\n\t\t\t\twidth: 33%;\n\t\t\t}\n\t\t\t#gallery-1 img {\n\t\t\t\tborder: 2px solid #cfcfcf;\n\t\t\t}\n\t\t\t#gallery-1 .gallery-caption {\n\t\t\t\tmargin-left: 0;\n\t\t\t}\n\t\t\t\/* see gallery_shortcode() in wp-includes\/media.php *\/\n\t\t<\/style>\n\t\t<div id='gallery-1' class='gallery galleryid-1900 gallery-columns-3 gallery-size-thumbnail'><dl class='gallery-item'>\n\t\t\t<dt class='gallery-icon landscape'>\n\t\t\t\t<a href=\"https:\/\/static-blogs.hoy.es\/wp-content\/uploads\/sites\/45\/2016\/05\/IMG_3526.jpg\"><img width=\"150\" height=\"150\" src=\"https:\/\/static-blogs.hoy.es\/wp-content\/uploads\/sites\/45\/2016\/05\/IMG_3526-150x150.jpg\" class=\"attachment-thumbnail size-thumbnail\" alt=\"\" loading=\"lazy\" \/><\/a>\n\t\t\t<\/dt><\/dl><dl class='gallery-item'>\n\t\t\t<dt class='gallery-icon landscape'>\n\t\t\t\t<a href=\"https:\/\/static-blogs.hoy.es\/wp-content\/uploads\/sites\/45\/2016\/05\/IMG_3528.jpg\"><img width=\"150\" height=\"150\" src=\"https:\/\/static-blogs.hoy.es\/wp-content\/uploads\/sites\/45\/2016\/05\/IMG_3528-150x150.jpg\" class=\"attachment-thumbnail size-thumbnail\" alt=\"\" loading=\"lazy\" \/><\/a>\n\t\t\t<\/dt><\/dl><dl class='gallery-item'>\n\t\t\t<dt class='gallery-icon landscape'>\n\t\t\t\t<a href=\"https:\/\/static-blogs.hoy.es\/wp-content\/uploads\/sites\/45\/2016\/05\/IMG_3529.jpg\"><img width=\"150\" height=\"150\" src=\"https:\/\/static-blogs.hoy.es\/wp-content\/uploads\/sites\/45\/2016\/05\/IMG_3529-150x150.jpg\" class=\"attachment-thumbnail size-thumbnail\" alt=\"\" loading=\"lazy\" \/><\/a>\n\t\t\t<\/dt><\/dl><br style=\"clear: both\" \/><dl class='gallery-item'>\n\t\t\t<dt class='gallery-icon landscape'>\n\t\t\t\t<a href=\"https:\/\/static-blogs.hoy.es\/wp-content\/uploads\/sites\/45\/2016\/05\/IMG_3527.jpg\"><img width=\"150\" height=\"150\" src=\"https:\/\/static-blogs.hoy.es\/wp-content\/uploads\/sites\/45\/2016\/05\/IMG_3527-150x150.jpg\" class=\"attachment-thumbnail size-thumbnail\" alt=\"\" loading=\"lazy\" \/><\/a>\n\t\t\t<\/dt><\/dl>\n\t\t\t<br style='clear: both' \/>\n\t\t<\/div>\n\n<p>Os dejo un <a title=\"Facebook de BMW motorrad Extrauto\" href=\"https:\/\/www.facebook.com\/BMW-Motorrad-Extrauto-317778971677850\/\" target=\"_blank\" rel=\"external nofollow\">enlace a su facebook<\/a> por si quer\u00e9is ver m\u00e1s fotos del concesionario.<\/p>\n<p>Saludos y r\u00e1fagas.<\/p>\n<!-- AddThis Advanced Settings generic via filter on the_content --><!-- AddThis Share Buttons generic via filter on the_content -->","protected":false},"excerpt":{"rendered":"<p>Son muchas las tiendas de motocicletas y accesorios moteros que tenemos en Extremadura, pero no los conocemos todos. Con la idea de conocer los establecimientos dedicados al mercado de las dos ruedas motorizadas, repartidos por Extremadura, poco a poco los ir\u00e9 presentando. Para comenzar y dado que hace poco tiempo han remodelado el concesionario, aqu\u00ed [&hellip;]<!-- AddThis Advanced Settings generic via filter on get_the_excerpt --><!-- AddThis Share Buttons generic via filter on get_the_excerpt --><\/p>\n","protected":false},"author":49,"featured_media":0,"comment_status":"open","ping_status":"closed","sticky":false,"template":"","format":"standard","meta":[],"categories":[6,13],"tags":[381,611,622,678],"_links":{"self":[{"href":"https:\/\/blogs.hoy.es\/moterosdehoy\/wp-json\/wp\/v2\/posts\/1900"}],"collection":[{"href":"https:\/\/blogs.hoy.es\/moterosdehoy\/wp-json\/wp\/v2\/posts"}],"about":[{"href":"https:\/\/blogs.hoy.es\/moterosdehoy\/wp-json\/wp\/v2\/types\/post"}],"author":[{"embeddable":true,"href":"https:\/\/blogs.hoy.es\/moterosdehoy\/wp-json\/wp\/v2\/users\/49"}],"replies":[{"embeddable":true,"href":"https:\/\/blogs.hoy.es\/moterosdehoy\/wp-json\/wp\/v2\/comments?post=1900"}],"version-history":[{"count":0,"href":"https:\/\/blogs.hoy.es\/moterosdehoy\/wp-json\/wp\/v2\/posts\/1900\/revisions"}],"wp:attachment":[{"href":"https:\/\/blogs.hoy.es\/moterosdehoy\/wp-json\/wp\/v2\/media?parent=1900"}],"wp:term":[{"taxonomy":"category","embeddable":true,"href":"https:\/\/blogs.hoy.es\/moterosdehoy\/wp-json\/wp\/v2\/categories?post=1900"},{"taxonomy":"post_tag","embeddable":true,"href":"https:\/\/blogs.hoy.es\/moterosdehoy\/wp-json\/wp\/v2\/tags?post=1900"}],"curies":[{"name":"wp","href":"https:\/\/api.w.org\/{rel}","templated":true}]}}