{"id":1906,"date":"2016-05-23T07:20:54","date_gmt":"2016-05-23T07:20:54","guid":{"rendered":"http:\/\/blogs.hoy.es\/moterosdehoy\/?p=1906"},"modified":"2016-05-23T07:20:54","modified_gmt":"2016-05-23T07:20:54","slug":"transcurso-del-aniversario-de-moteros-de-hoy","status":"publish","type":"post","link":"https:\/\/blogs.hoy.es\/moterosdehoy\/2016\/05\/23\/transcurso-del-aniversario-de-moteros-de-hoy\/","title":{"rendered":"Transcurso del aniversario de Moteros de Hoy"},"content":{"rendered":"<p>Tal y como estaba anunciado, el s\u00e1bado 21 de mayo, se celebr\u00f3 el IV aniversario de <a title=\"Facebook de Moteros de Hoy\" href=\"https:\/\/www.facebook.com\/moteroshoy\/\" target=\"_blank\" rel=\"external nofollow\">Moteros de Hoy<\/a>, primer aniversario como Club e inauguraci\u00f3n de la sede.<\/p>\n<p><a href=\"\/moterosdehoy\/wp-content\/uploads\/sites\/45\/2016\/05\/Moteros-de-Hoy1.jpg\"><img loading=\"lazy\" class=\"alignleft size-medium wp-image-1907\" title=\"Moteros de Hoy\" src=\"\/moterosdehoy\/wp-content\/uploads\/sites\/45\/2016\/05\/Moteros-de-Hoy1.jpg\" alt=\"\" width=\"300\" height=\"225\" srcset=\"https:\/\/static-blogs.hoy.es\/wp-content\/uploads\/sites\/45\/2016\/05\/Moteros-de-Hoy1.jpg 960w, https:\/\/static-blogs.hoy.es\/wp-content\/uploads\/sites\/45\/2016\/05\/Moteros-de-Hoy1-300x225.jpg 300w, https:\/\/static-blogs.hoy.es\/wp-content\/uploads\/sites\/45\/2016\/05\/Moteros-de-Hoy1-768x576.jpg 768w\" sizes=\"(max-width: 300px) 100vw, 300px\" \/><\/a>La sede ha quedado establecida en un conocido bar motero que se encuentra en el pol\u00edgono El Nevero, de Badajoz, concretamente en el Caf\u00e9 Bar Ruta 3.24, en la C\/. Joaqu\u00edn S\u00e1nchez Valverde, donde nos reunimos, salimos de ruta y regresamos para comer y disfrutar de un concierto, del <a title=\"Grupo RGB\" href=\"https:\/\/www.facebook.com\/RGB2015\/?fref=ts\" target=\"_blank\" rel=\"external nofollow\">grupo RGB<\/a>\u00a0&#8211; Covers Band, de Portalegre (Portugal).<\/p>\n<p>La Asociaci\u00f3n Moteros de Hoy tiene sus fines tur\u00edstico &#8211; culturales, y por ello se realiz\u00f3 una ruta a San Vicente de Alc\u00e1ntara, en la que participaron en torno a cien motocicletas y se visit\u00f3 el Museo del Corcho y el Centro de Interpretaci\u00f3n de la Naturaleza. Hay que reconocer que tanto las chicas gu\u00edas de las visitas y la Polic\u00eda Local de San Vicente de Alc\u00e1ntara se volcaron con el colectivo motero para que todo saliera &#8220;rodado&#8221;. Muchas gracias tanto a ellos, como a los que pudisteis asistir.<\/p>\n<p>Os dejo un v\u00eddeo con algunas fotos de c\u00f3mo transcurri\u00f3 el d\u00eda:<\/p>\n<p style=\"text-align: center;\"><strong><a title=\"V\u00eddeo del aniversario de Moteros de Hoy\" href=\"https:\/\/www.youtube.com\/watch?v=IDVxhyI8lxA\" target=\"_blank\" rel=\"external nofollow\">V\u00eddeo del primer aniversario del Club Moteros de Hoy<\/a><\/strong><\/p>\n<p>Saludos y r\u00e1fagas.<\/p>\n<!-- AddThis Advanced Settings generic via filter on the_content --><!-- AddThis Share Buttons generic via filter on the_content -->","protected":false},"excerpt":{"rendered":"<p>Tal y como estaba anunciado, el s\u00e1bado 21 de mayo, se celebr\u00f3 el IV aniversario de Moteros de Hoy, primer aniversario como Club e inauguraci\u00f3n de la sede. La sede ha quedado establecida en un conocido bar motero que se encuentra en el pol\u00edgono El Nevero, de Badajoz, concretamente en el Caf\u00e9 Bar Ruta 3.24, [&hellip;]<!-- AddThis Advanced Settings generic via filter on get_the_excerpt --><!-- AddThis Share Buttons generic via filter on get_the_excerpt --><\/p>\n","protected":false},"author":49,"featured_media":0,"comment_status":"open","ping_status":"closed","sticky":false,"template":"","format":"standard","meta":[],"categories":[13],"tags":[66,155,326,622,731],"_links":{"self":[{"href":"https:\/\/blogs.hoy.es\/moterosdehoy\/wp-json\/wp\/v2\/posts\/1906"}],"collection":[{"href":"https:\/\/blogs.hoy.es\/moterosdehoy\/wp-json\/wp\/v2\/posts"}],"about":[{"href":"https:\/\/blogs.hoy.es\/moterosdehoy\/wp-json\/wp\/v2\/types\/post"}],"author":[{"embeddable":true,"href":"https:\/\/blogs.hoy.es\/moterosdehoy\/wp-json\/wp\/v2\/users\/49"}],"replies":[{"embeddable":true,"href":"https:\/\/blogs.hoy.es\/moterosdehoy\/wp-json\/wp\/v2\/comments?post=1906"}],"version-history":[{"count":0,"href":"https:\/\/blogs.hoy.es\/moterosdehoy\/wp-json\/wp\/v2\/posts\/1906\/revisions"}],"wp:attachment":[{"href":"https:\/\/blogs.hoy.es\/moterosdehoy\/wp-json\/wp\/v2\/media?parent=1906"}],"wp:term":[{"taxonomy":"category","embeddable":true,"href":"https:\/\/blogs.hoy.es\/moterosdehoy\/wp-json\/wp\/v2\/categories?post=1906"},{"taxonomy":"post_tag","embeddable":true,"href":"https:\/\/blogs.hoy.es\/moterosdehoy\/wp-json\/wp\/v2\/tags?post=1906"}],"curies":[{"name":"wp","href":"https:\/\/api.w.org\/{rel}","templated":true}]}}