{"id":1908,"date":"2016-05-24T15:00:55","date_gmt":"2016-05-24T15:00:55","guid":{"rendered":"http:\/\/blogs.hoy.es\/moterosdehoy\/?p=1908"},"modified":"2016-05-24T15:00:55","modified_gmt":"2016-05-24T15:00:55","slug":"2a-quedada-motera-en-villafranco-del-guadiana","status":"publish","type":"post","link":"https:\/\/blogs.hoy.es\/moterosdehoy\/2016\/05\/24\/2a-quedada-motera-en-villafranco-del-guadiana\/","title":{"rendered":"2\u00aa Quedada motera en Villafranco del Guadiana"},"content":{"rendered":"<p>Por segundo a\u00f1o consecutivo aparece una fiesta motera en Villafranco del Guadiana (Badajoz). Tendr\u00e1 ocasi\u00f3n entre el 27 y 28 de mayo, y en \u00e9l se encuentran implicados varios locales de la localidad, y si a ello unimos que tal y como aparece en el cartel hay varios grupos moteros que ya han confirmado asistencia, seguro que tendr\u00e1 buena aceptaci\u00f3n.<\/p>\n<p><a href=\"\/moterosdehoy\/wp-content\/uploads\/sites\/45\/2016\/05\/2016-05-Villafranco-del-Guadiana.jpg\"><img loading=\"lazy\" class=\"alignleft size-medium wp-image-1909\" title=\"2016-05 Villafranco del Guadiana\" src=\"\/moterosdehoy\/wp-content\/uploads\/sites\/45\/2016\/05\/2016-05-Villafranco-del-Guadiana.jpg\" alt=\"\" width=\"300\" height=\"300\" srcset=\"https:\/\/static-blogs.hoy.es\/wp-content\/uploads\/sites\/45\/2016\/05\/2016-05-Villafranco-del-Guadiana.jpg 829w, https:\/\/static-blogs.hoy.es\/wp-content\/uploads\/sites\/45\/2016\/05\/2016-05-Villafranco-del-Guadiana-150x150.jpg 150w, https:\/\/static-blogs.hoy.es\/wp-content\/uploads\/sites\/45\/2016\/05\/2016-05-Villafranco-del-Guadiana-300x300.jpg 300w, https:\/\/static-blogs.hoy.es\/wp-content\/uploads\/sites\/45\/2016\/05\/2016-05-Villafranco-del-Guadiana-768x768.jpg 768w\" sizes=\"(max-width: 300px) 100vw, 300px\" \/><\/a>La quedada comenzar\u00e1 el viernes d\u00eda 27 de mayo con recibimiento de los moteros y concierto en Bocanroll, para los que asist\u00e1is de fuera tener en cuenta que no hay zona de acampada y que el cartel no dispone de contacto para localizar alg\u00fan acomodo.<\/p>\n<p>Dentro del programa tienen previsto para el s\u00e1bado 28 de mayo:<\/p>\n<p>10:00 h. Desayuno en &#8220;Virgen de la Rivera&#8221;<\/p>\n<p>11:00 h. Ruta motera.<\/p>\n<p>13:30 h. Comida en &#8220;Nuevo Bar tu Casa&#8221;<\/p>\n<p>17:00 h. Bailes latinos.<\/p>\n<p>18:30 h. Reposter\u00eda en Bar &#8220;El Malaguita&#8221;<\/p>\n<p>20:30 h. Fiesta en Bar &#8220;Ak\u00ed mismo&#8221;<\/p>\n<p>Seguro que ser\u00e1 un gran d\u00eda de fiesta, l\u00e1stima que coincida con otro evento motero de la provincia y el personal se divida entre ellos, motivando que ninguno de los eventos llegue a tener numerosa aceptaci\u00f3n.<\/p>\n<p>Saludos y r\u00e1fagas.<\/p>\n<!-- AddThis Advanced Settings generic via filter on the_content --><!-- AddThis Share Buttons generic via filter on the_content -->","protected":false},"excerpt":{"rendered":"<p>Por segundo a\u00f1o consecutivo aparece una fiesta motera en Villafranco del Guadiana (Badajoz). Tendr\u00e1 ocasi\u00f3n entre el 27 y 28 de mayo, y en \u00e9l se encuentran implicados varios locales de la localidad, y si a ello unimos que tal y como aparece en el cartel hay varios grupos moteros que ya han confirmado asistencia, [&hellip;]<!-- AddThis Advanced Settings generic via filter on get_the_excerpt --><!-- AddThis Share Buttons generic via filter on get_the_excerpt --><\/p>\n","protected":false},"author":49,"featured_media":0,"comment_status":"open","ping_status":"closed","sticky":false,"template":"","format":"standard","meta":[],"categories":[13],"tags":[622,816,1014],"_links":{"self":[{"href":"https:\/\/blogs.hoy.es\/moterosdehoy\/wp-json\/wp\/v2\/posts\/1908"}],"collection":[{"href":"https:\/\/blogs.hoy.es\/moterosdehoy\/wp-json\/wp\/v2\/posts"}],"about":[{"href":"https:\/\/blogs.hoy.es\/moterosdehoy\/wp-json\/wp\/v2\/types\/post"}],"author":[{"embeddable":true,"href":"https:\/\/blogs.hoy.es\/moterosdehoy\/wp-json\/wp\/v2\/users\/49"}],"replies":[{"embeddable":true,"href":"https:\/\/blogs.hoy.es\/moterosdehoy\/wp-json\/wp\/v2\/comments?post=1908"}],"version-history":[{"count":0,"href":"https:\/\/blogs.hoy.es\/moterosdehoy\/wp-json\/wp\/v2\/posts\/1908\/revisions"}],"wp:attachment":[{"href":"https:\/\/blogs.hoy.es\/moterosdehoy\/wp-json\/wp\/v2\/media?parent=1908"}],"wp:term":[{"taxonomy":"category","embeddable":true,"href":"https:\/\/blogs.hoy.es\/moterosdehoy\/wp-json\/wp\/v2\/categories?post=1908"},{"taxonomy":"post_tag","embeddable":true,"href":"https:\/\/blogs.hoy.es\/moterosdehoy\/wp-json\/wp\/v2\/tags?post=1908"}],"curies":[{"name":"wp","href":"https:\/\/api.w.org\/{rel}","templated":true}]}}