{"id":1911,"date":"2016-05-24T15:38:50","date_gmt":"2016-05-24T15:38:50","guid":{"rendered":"http:\/\/blogs.hoy.es\/moterosdehoy\/?p=1911"},"modified":"2016-05-24T15:38:50","modified_gmt":"2016-05-24T15:38:50","slug":"vi-ruta-de-la-vera-en-villanueva-de-la-vera","status":"publish","type":"post","link":"https:\/\/blogs.hoy.es\/moterosdehoy\/2016\/05\/24\/vi-ruta-de-la-vera-en-villanueva-de-la-vera\/","title":{"rendered":"VI Ruta de la Vera, en Villanueva de la Vera"},"content":{"rendered":"<p>El grupo motero &#8220;El Myzil La Vera&#8221; nos trae su sexta ruta por La Vera, como en ocasiones anteriores tendr\u00e1 acogida en <a title=\"Villanueva de la Vera en wikipedia\" href=\"https:\/\/es.wikipedia.org\/wiki\/Villanueva_de_la_Vera\" target=\"_blank\" rel=\"external nofollow\">Villanueva de la Vera<\/a> (C\u00e1ceres).<\/p>\n<p><a href=\"\/moterosdehoy\/wp-content\/uploads\/sites\/45\/2016\/05\/2016-05-Villanueva-de-la-Vera.jpg\"><img loading=\"lazy\" class=\"alignleft size-medium wp-image-1912\" title=\"2016-05 Villanueva de la Vera\" src=\"\/moterosdehoy\/wp-content\/uploads\/sites\/45\/2016\/05\/2016-05-Villanueva-de-la-Vera.jpg\" alt=\"\" width=\"212\" height=\"300\" srcset=\"https:\/\/static-blogs.hoy.es\/wp-content\/uploads\/sites\/45\/2016\/05\/2016-05-Villanueva-de-la-Vera.jpg 842w, https:\/\/static-blogs.hoy.es\/wp-content\/uploads\/sites\/45\/2016\/05\/2016-05-Villanueva-de-la-Vera-212x300.jpg 212w, https:\/\/static-blogs.hoy.es\/wp-content\/uploads\/sites\/45\/2016\/05\/2016-05-Villanueva-de-la-Vera-768x1086.jpg 768w, https:\/\/static-blogs.hoy.es\/wp-content\/uploads\/sites\/45\/2016\/05\/2016-05-Villanueva-de-la-Vera-724x1024.jpg 724w\" sizes=\"(max-width: 212px) 100vw, 212px\" \/><\/a>Tendr\u00e1 lugar el fin de semana del <strong>27 y 28 de mayo<\/strong>, que con una inscripci\u00f3n de 15\u20ac te dar\u00e1n derecho a camiseta conmemorativa, comida (migas extreme\u00f1as) y seis consumiciones.<!--more--><\/p>\n<p>Ser\u00e1 una concentraci\u00f3n motera en toda regla, con su zona de acampada, conciertos, sorteos, stands y la posibilidad de incrementarte alg\u00fan Tattoo.<\/p>\n<p>No dejes de pasar \u00e9sta gran oportunidad de conocer una preciosa zona, con unos paisajes inmejorables, con sus buenas curvas y por supuesto buena compa\u00f1\u00eda.<\/p>\n<p>Saludos y r\u00e1fagas.<\/p>\n<!-- AddThis Advanced Settings generic via filter on the_content --><!-- AddThis Share Buttons generic via filter on the_content -->","protected":false},"excerpt":{"rendered":"<p>El grupo motero &#8220;El Myzil La Vera&#8221; nos trae su sexta ruta por La Vera, como en ocasiones anteriores tendr\u00e1 acogida en Villanueva de la Vera (C\u00e1ceres). Tendr\u00e1 lugar el fin de semana del 27 y 28 de mayo, que con una inscripci\u00f3n de 15\u20ac te dar\u00e1n derecho a camiseta conmemorativa, comida (migas extreme\u00f1as) y [&hellip;]<!-- AddThis Advanced Settings generic via filter on get_the_excerpt --><!-- AddThis Share Buttons generic via filter on get_the_excerpt --><\/p>\n","protected":false},"author":49,"featured_media":0,"comment_status":"open","ping_status":"closed","sticky":false,"template":"","format":"standard","meta":[],"categories":[13],"tags":[227,622,856,1015],"_links":{"self":[{"href":"https:\/\/blogs.hoy.es\/moterosdehoy\/wp-json\/wp\/v2\/posts\/1911"}],"collection":[{"href":"https:\/\/blogs.hoy.es\/moterosdehoy\/wp-json\/wp\/v2\/posts"}],"about":[{"href":"https:\/\/blogs.hoy.es\/moterosdehoy\/wp-json\/wp\/v2\/types\/post"}],"author":[{"embeddable":true,"href":"https:\/\/blogs.hoy.es\/moterosdehoy\/wp-json\/wp\/v2\/users\/49"}],"replies":[{"embeddable":true,"href":"https:\/\/blogs.hoy.es\/moterosdehoy\/wp-json\/wp\/v2\/comments?post=1911"}],"version-history":[{"count":0,"href":"https:\/\/blogs.hoy.es\/moterosdehoy\/wp-json\/wp\/v2\/posts\/1911\/revisions"}],"wp:attachment":[{"href":"https:\/\/blogs.hoy.es\/moterosdehoy\/wp-json\/wp\/v2\/media?parent=1911"}],"wp:term":[{"taxonomy":"category","embeddable":true,"href":"https:\/\/blogs.hoy.es\/moterosdehoy\/wp-json\/wp\/v2\/categories?post=1911"},{"taxonomy":"post_tag","embeddable":true,"href":"https:\/\/blogs.hoy.es\/moterosdehoy\/wp-json\/wp\/v2\/tags?post=1911"}],"curies":[{"name":"wp","href":"https:\/\/api.w.org\/{rel}","templated":true}]}}