{"id":1913,"date":"2016-05-24T18:34:27","date_gmt":"2016-05-24T18:34:27","guid":{"rendered":"http:\/\/blogs.hoy.es\/moterosdehoy\/?p=1913"},"modified":"2016-05-24T18:34:27","modified_gmt":"2016-05-24T18:34:27","slug":"concentracion-motera-serranitos-2016","status":"publish","type":"post","link":"https:\/\/blogs.hoy.es\/moterosdehoy\/2016\/05\/24\/concentracion-motera-serranitos-2016\/","title":{"rendered":"Concentraci\u00f3n motera Serranitos 2016"},"content":{"rendered":"<p>Se aproxima en el calendario motero la que ser\u00e1 ya la 19\u00aa CONCENTRACI\u00d3N\u00a0MOTERA SERRANITOS 2016<\/p>\n<p>La <a title=\"Los Vend\u00edos en facebook\" href=\"https:\/\/www.facebook.com\/pena.vendios\/?fref=ts\" target=\"_blank\" rel=\"external nofollow\">pe\u00f1a motera &#8220;LOS VEND\u00cdOS&#8221;<\/a> nos tiene\u00a0preparado un fin de semana repleto de actividades, con un programa pensado para que disfrutemos lo m\u00e1ximo posible de las motos\u00a0y del pueblo de Fregenal y su gente.<\/p>\n<p><a href=\"\/moterosdehoy\/wp-content\/uploads\/sites\/45\/2016\/05\/2016-05-Fregenal-de-la-Sierra.jpg\"><img loading=\"lazy\" class=\"alignleft size-medium wp-image-1914\" title=\"2016-05 Fregenal de la Sierra\" src=\"\/moterosdehoy\/wp-content\/uploads\/sites\/45\/2016\/05\/2016-05-Fregenal-de-la-Sierra.jpg\" alt=\"\" width=\"241\" height=\"300\" srcset=\"https:\/\/static-blogs.hoy.es\/wp-content\/uploads\/sites\/45\/2016\/05\/2016-05-Fregenal-de-la-Sierra.jpg 480w, https:\/\/static-blogs.hoy.es\/wp-content\/uploads\/sites\/45\/2016\/05\/2016-05-Fregenal-de-la-Sierra-241x300.jpg 241w\" sizes=\"(max-width: 241px) 100vw, 241px\" \/><\/a>Habr\u00e1 rutas por la zona con degustaci\u00f3n de ib\u00e9ricos,\u00a0parrillada, paella, fiesta motera con show er\u00f3tico, m\u00fasica en directo y DJ, entre\u00a0otros componen el programa\u00a0para el <strong>27, 28 y 29 de mayo<\/strong>. En <a title=\"Fregenal de la Sierra en wikipedia\" href=\"https:\/\/es.wikipedia.org\/wiki\/Fregenal_de_la_Sierra\" target=\"_blank\" rel=\"external nofollow\">Fregenal de la Sierra<\/a> (Badajoz)<!--more--><\/p>\n<p>En la edici\u00f3n de \u00e9ste a\u00f1o han subido un euro la inscripci\u00f3n de un d\u00eda y dos para la de dos d\u00edas, el motivo es seguir con una concentraci\u00f3n de calidad y poder ofrecer lo mejor.<\/p>\n<p>Dentro del <strong>programa<\/strong> tienen previsto:<\/p>\n<p><strong>VIERNES, 27 MAYO<\/strong><\/p>\n<p>-21,00 horas. Apertura de inscripciones en la carpa del Paseo de la\u00a0Constituci\u00f3n y de la acampada gratuita y vigilada en el Complejo Deportivo\u00a0Municipal.<\/p>\n<p>-22,00 h. Montaditos gratuitos en la carpa del Paseo de la\u00a0Constituci\u00f3n. Servicio de barra con buena m\u00fasica.<\/p>\n<p><strong>SABADO, 28 MAYO<\/strong><\/p>\n<p>-11,00 h. Apertura de inscripciones en la carpa del Paseo de la\u00a0Constituci\u00f3n.<\/p>\n<p>-11,00 h. Visita\u00a0tur\u00edstica guiada andando por la localidad, salida desde la oficina de turismo\u00a0(junto a la carpa de la Concentraci\u00f3n)<\/p>\n<p>-15,00 h. Paella gratuita en la carpa del Paseo de la Constituci\u00f3n para\u00a0todos los inscritos. Servicio de bar con m\u00fasica y buen ambiente.<\/p>\n<p>-18,30 h. Arrancada al un\u00edsono de motos y comienzo de la ruta\u00a0bar\u00edtima-tur\u00edstica por la zona, con copitas y abundante tapeo ib\u00e9rico en varias<br \/>\nparadas.<\/p>\n<p>-22,30 h. Cena con serranitos ib\u00e9ricos, bebida y helado en el Complejo\u00a0Mallorca.<\/p>\n<p>-00,00 h. Fiesta motera en la carpa de la concentraci\u00f3n del\u00a0Paseo de la Constituci\u00f3n. M\u00fasica en directo, DJ animador, habr\u00e1\u00a0regalos y azafatas, show er\u00f3tico mixto\/integral , hasta altas horas de la\u00a0madrugada.<\/p>\n<p><strong>DOMINGO, 31 MAYO<\/strong><\/p>\n<p>-De 9,00 a 11,30 h. Desayuno con churros o tostadas en Churrer\u00eda-Chocolater\u00eda\u00a0Los Remedios en el Jard\u00edn.<\/p>\n<p>-10,00\u00a0h. Aperturas de inscripciones en la carpa del Paseo de la Constituci\u00f3n.<\/p>\n<p>-11,00 horas. Visita\u00a0tur\u00edstica guiada andando por la localidad, salida desde la oficina de turismo\u00a0(junto a la carpa de la Concentraci\u00f3n)<\/p>\n<p>-12,00 horas. Ruta tur\u00edstica-bar\u00edtima por la zona con copitas (refrescos,\u00a0cervezas con y cerveza sin) y abundante tapeo ib\u00e9rico en diferentes paradas.<\/p>\n<p>-15,00 horas. Comida motera en Complejo Mallorca con bebida, ensalada, 1\u00ba\u00a0plato, 2\u00ba plato y postre. Durante la comida se har\u00e1 la entrega de los trofeos y habr\u00e1 degustaci\u00f3n de\u00a0dulces t\u00edpicos del pueblo ofrecidos por Dulcer\u00eda Risco. Despedida\u00a0y hasta el a\u00f1o que viene.<\/p>\n<p>En la entrega de trofeos habr\u00e1:\u00a0Al motero m\u00e1s lejano.\u00a0Al motero m\u00e1s joven.\u00a0Al motero de m\u00e1s edad.\u00a0Al moto-club con m\u00e1s inscritos.\u00a0Al 2\u00ba moto-club con m\u00e1s inscritos.\u00a0Al 3\u00ba moto-club con m\u00e1s inscritos.\u00a0A la moto m\u00e1s antigua documentada.\u00a0Al moto-club internacional con m\u00e1s\u00a0inscritos.\u00a0Al Vend\u00edo Serranitos 2016.\u00a0A la Vend\u00eda Serranitos 2016.<\/p>\n<p>Las inscripciones ser\u00e1n de fin de semana o s\u00e1bado y domingo: 30 euros, y s\u00f3lo s\u00e1bado o s\u00f3lo domingo 16 euros. En la que obtendr\u00e1s copa de bienvenida, bolsa de regalo (camiseta y regalos), acampada vigilada en c\u00e9sped a la sombra, ba\u00f1os y duchas con agua caliente, montados del viernes, paella del s\u00e1bado mediod\u00eda, rutas s\u00e1bado y domingo, 6 paradas con copa y degustaci\u00f3n de productos ib\u00e9ricos, cena del s\u00e1bado en Complejo Mallorca con serranitos ib\u00e9ricos, bebida y\u00a0helado, fiesta motera en la carpa de la concentraci\u00f3n con m\u00fasica y show er\u00f3tico<br \/>\nmasculino y femenino, desayuno del domingo (inscritos fin de semana), comida del domingo en Complejo Mallorca, degustaci\u00f3n de pasteles t\u00edpicos de la zona, trofeos y regalos.<\/p>\n<p>Todo un gran fin de semana motero que no te puedes perder.<\/p>\n<p>Saludos y r\u00e1fagas.<\/p>\n<!-- AddThis Advanced Settings generic via filter on the_content --><!-- AddThis Share Buttons generic via filter on the_content -->","protected":false},"excerpt":{"rendered":"<p>Se aproxima en el calendario motero la que ser\u00e1 ya la 19\u00aa CONCENTRACI\u00d3N\u00a0MOTERA SERRANITOS 2016 La pe\u00f1a motera &#8220;LOS VEND\u00cdOS&#8221; nos tiene\u00a0preparado un fin de semana repleto de actividades, con un programa pensado para que disfrutemos lo m\u00e1ximo posible de las motos\u00a0y del pueblo de Fregenal y su gente. Habr\u00e1 rutas por la zona con [&hellip;]<!-- AddThis Advanced Settings generic via filter on get_the_excerpt --><!-- AddThis Share Buttons generic via filter on get_the_excerpt --><\/p>\n","protected":false},"author":49,"featured_media":0,"comment_status":"open","ping_status":"closed","sticky":false,"template":"","format":"standard","meta":[],"categories":[13],"tags":[609,622,624,664,768,905],"_links":{"self":[{"href":"https:\/\/blogs.hoy.es\/moterosdehoy\/wp-json\/wp\/v2\/posts\/1913"}],"collection":[{"href":"https:\/\/blogs.hoy.es\/moterosdehoy\/wp-json\/wp\/v2\/posts"}],"about":[{"href":"https:\/\/blogs.hoy.es\/moterosdehoy\/wp-json\/wp\/v2\/types\/post"}],"author":[{"embeddable":true,"href":"https:\/\/blogs.hoy.es\/moterosdehoy\/wp-json\/wp\/v2\/users\/49"}],"replies":[{"embeddable":true,"href":"https:\/\/blogs.hoy.es\/moterosdehoy\/wp-json\/wp\/v2\/comments?post=1913"}],"version-history":[{"count":0,"href":"https:\/\/blogs.hoy.es\/moterosdehoy\/wp-json\/wp\/v2\/posts\/1913\/revisions"}],"wp:attachment":[{"href":"https:\/\/blogs.hoy.es\/moterosdehoy\/wp-json\/wp\/v2\/media?parent=1913"}],"wp:term":[{"taxonomy":"category","embeddable":true,"href":"https:\/\/blogs.hoy.es\/moterosdehoy\/wp-json\/wp\/v2\/categories?post=1913"},{"taxonomy":"post_tag","embeddable":true,"href":"https:\/\/blogs.hoy.es\/moterosdehoy\/wp-json\/wp\/v2\/tags?post=1913"}],"curies":[{"name":"wp","href":"https:\/\/api.w.org\/{rel}","templated":true}]}}