{"id":1917,"date":"2016-05-30T22:07:51","date_gmt":"2016-05-30T22:07:51","guid":{"rendered":"http:\/\/blogs.hoy.es\/moterosdehoy\/?p=1917"},"modified":"2016-05-30T22:07:51","modified_gmt":"2016-05-30T22:07:51","slug":"7a-concentracion-motera-en-valdebotoa","status":"publish","type":"post","link":"https:\/\/blogs.hoy.es\/moterosdehoy\/2016\/05\/30\/7a-concentracion-motera-en-valdebotoa\/","title":{"rendered":"7\u00aa Concentraci\u00f3n motera en Valdebotoa"},"content":{"rendered":"<p>La pe\u00f1a motera &#8220;Los Ballones&#8221; de la localidad de <a title=\"Valdebotoa en wikipedia\" href=\"https:\/\/es.wikipedia.org\/wiki\/Valdeb%C3%B3toa\" target=\"_blank\" rel=\"external nofollow\">Valdebotoa<\/a> (Badajoz) organiza su s\u00e9ptima concentraci\u00f3n motera.<\/p>\n<p><a href=\"\/moterosdehoy\/wp-content\/uploads\/sites\/45\/2016\/05\/2016-06-Valdebotoa.jpg\"><img loading=\"lazy\" class=\"alignleft size-medium wp-image-1918\" title=\"2016-06 Valdebotoa\" src=\"\/moterosdehoy\/wp-content\/uploads\/sites\/45\/2016\/05\/2016-06-Valdebotoa.jpg\" alt=\"\" width=\"206\" height=\"300\" srcset=\"https:\/\/static-blogs.hoy.es\/wp-content\/uploads\/sites\/45\/2016\/05\/2016-06-Valdebotoa.jpg 662w, https:\/\/static-blogs.hoy.es\/wp-content\/uploads\/sites\/45\/2016\/05\/2016-06-Valdebotoa-207x300.jpg 207w\" sizes=\"(max-width: 206px) 100vw, 206px\" \/><\/a>Tendr\u00e1 lugar los d\u00edas <strong>4 y 5 de junio<\/strong>, con zona de acampada y precios anti-crisis, para que todos podamos disfrutar de la fiesta.<\/p>\n<p>La concentraci\u00f3n comenzar\u00e1 el s\u00e1bado a las 16 horas, con apertura de inscripciones de 12\u20ac, que te dar\u00e1n derecho a unas consumiciones y comida.<\/p>\n<p>A las 18 h. iniciar\u00e1 una ruta por la zona, hasta las 21 h, que tendr\u00e1 lugar una degustaci\u00f3n de caldereta y alas 23 h, iniciar\u00e1n varios conciertos.<\/p>\n<p>El domingo a las 9 h, volver\u00e1n a estar abiertas las inscripciones, para a las 11 h iniciar una ruta de nuevo por la zona, para finalizar a las 13:30 h con una ruta por la localidad. Con paellada y pancetada a las 15 h, y finalizando a las 17:30h, con una entrega de trofeos a la moto m\u00e1s antigua, a la m\u00e1s moderna, a la de m\u00e1s kil\u00f3metros y a la m\u00e1s lejana.<\/p>\n<p>Todos los ingredientes necesarios para tener un buen fin de semana motero.<\/p>\n<p>Saludos y r\u00e1fagas.<\/p>\n<p>&nbsp;<\/p>\n<!-- AddThis Advanced Settings generic via filter on the_content --><!-- AddThis Share Buttons generic via filter on the_content -->","protected":false},"excerpt":{"rendered":"<p>La pe\u00f1a motera &#8220;Los Ballones&#8221; de la localidad de Valdebotoa (Badajoz) organiza su s\u00e9ptima concentraci\u00f3n motera. Tendr\u00e1 lugar los d\u00edas 4 y 5 de junio, con zona de acampada y precios anti-crisis, para que todos podamos disfrutar de la fiesta. La concentraci\u00f3n comenzar\u00e1 el s\u00e1bado a las 16 horas, con apertura de inscripciones de 12\u20ac, [&hellip;]<!-- AddThis Advanced Settings generic via filter on get_the_excerpt --><!-- AddThis Share Buttons generic via filter on get_the_excerpt --><\/p>\n","protected":false},"author":49,"featured_media":0,"comment_status":"open","ping_status":"closed","sticky":false,"template":"","format":"standard","meta":[],"categories":[13],"tags":[611,622,717,764],"_links":{"self":[{"href":"https:\/\/blogs.hoy.es\/moterosdehoy\/wp-json\/wp\/v2\/posts\/1917"}],"collection":[{"href":"https:\/\/blogs.hoy.es\/moterosdehoy\/wp-json\/wp\/v2\/posts"}],"about":[{"href":"https:\/\/blogs.hoy.es\/moterosdehoy\/wp-json\/wp\/v2\/types\/post"}],"author":[{"embeddable":true,"href":"https:\/\/blogs.hoy.es\/moterosdehoy\/wp-json\/wp\/v2\/users\/49"}],"replies":[{"embeddable":true,"href":"https:\/\/blogs.hoy.es\/moterosdehoy\/wp-json\/wp\/v2\/comments?post=1917"}],"version-history":[{"count":0,"href":"https:\/\/blogs.hoy.es\/moterosdehoy\/wp-json\/wp\/v2\/posts\/1917\/revisions"}],"wp:attachment":[{"href":"https:\/\/blogs.hoy.es\/moterosdehoy\/wp-json\/wp\/v2\/media?parent=1917"}],"wp:term":[{"taxonomy":"category","embeddable":true,"href":"https:\/\/blogs.hoy.es\/moterosdehoy\/wp-json\/wp\/v2\/categories?post=1917"},{"taxonomy":"post_tag","embeddable":true,"href":"https:\/\/blogs.hoy.es\/moterosdehoy\/wp-json\/wp\/v2\/tags?post=1917"}],"curies":[{"name":"wp","href":"https:\/\/api.w.org\/{rel}","templated":true}]}}