{"id":192,"date":"2012-07-11T17:44:56","date_gmt":"2012-07-11T17:44:56","guid":{"rendered":"http:\/\/blogs.hoy.es\/moterosdehoy\/?p=192"},"modified":"2012-07-11T17:44:56","modified_gmt":"2012-07-11T17:44:56","slug":"ii-kedada-motera-en-deleitosa-caceres","status":"publish","type":"post","link":"https:\/\/blogs.hoy.es\/moterosdehoy\/2012\/07\/11\/ii-kedada-motera-en-deleitosa-caceres\/","title":{"rendered":"II Kedada motera en Deleitosa (C\u00e1ceres)"},"content":{"rendered":"<p>El <strong>Moto Club \u201cLa Bre\u00f1a\u201d<\/strong> de la localidad <strong>de Deleitosa (C\u00e1ceres)<\/strong>organiza el d\u00eda 14 de julio de 2012, su 2\u00aa kedada en el\u00a0municipio.<\/p>\n<div id=\"attachment_193\" style=\"width: 310px\" class=\"wp-caption alignright\"><a href=\"\/moterosdehoy\/wp-content\/uploads\/sites\/45\/2012\/07\/Iglesia-Deleitosa.jpg\"><img aria-describedby=\"caption-attachment-193\" loading=\"lazy\" class=\"size-medium wp-image-193\" title=\"Iglesia Deleitosa\" src=\"\/moterosdehoy\/wp-content\/uploads\/sites\/45\/2012\/07\/Iglesia-Deleitosa.jpg\" alt=\"\" width=\"300\" height=\"225\" srcset=\"https:\/\/static-blogs.hoy.es\/wp-content\/uploads\/sites\/45\/2012\/07\/Iglesia-Deleitosa.jpg 640w, https:\/\/static-blogs.hoy.es\/wp-content\/uploads\/sites\/45\/2012\/07\/Iglesia-Deleitosa-300x225.jpg 300w\" sizes=\"(max-width: 300px) 100vw, 300px\" \/><\/a><p id=\"caption-attachment-193\" class=\"wp-caption-text\">Edificio de finales del XV principios del XVI<\/p><\/div>\n<p style=\"text-align: justify;\">La <strong>apertura de inscripciones<\/strong> ser\u00e1 a las <strong>10:00 h<\/strong>. en el Bar Jony, para posteriormente a las <strong>11:00<\/strong>, realizar una <strong>ruta<\/strong> por la comarca de las Villuercas (a\u00fan pendiente de determinar el recorrido), donde habr\u00e1 un pincho y un refresco.<\/p>\n<p style=\"text-align: justify;\">A la vuelta ya en la localidad a las 15:00 h. ser\u00e1 la comida.<\/p>\n<p style=\"text-align: justify;\"><strong>A partir de las 21:00 m\u00fasica y barra<\/strong>, que dependiendo de la afluencia que se pueda llegar a tener se realizar\u00e1 en un lugar u otro.<\/p>\n<p style=\"text-align: justify;\">Si deseas asistir <strong>se ruega confirmaci\u00f3n de la asistencia<\/strong>, para ello tienes los siguientes tlf. 609936809 y 682525388.<\/p>\n<p>El <strong>precio<\/strong> por persona son<strong> 25 euros<\/strong> para los no socios y cuota anual para los socios. Incluye pincho y refresco durante la ruta, 3 consumiciones por los bares del pueblo y<br \/>\nentrada a la piscina municipal.<\/p>\n<p style=\"text-align: justify;\">Una <span style=\"text-decoration: underline;\"><strong>nota curiosa<\/strong><\/span>, en la localidad de Deleitosa hay una leyenda que cuentan los ancianos: Cuando construyeron la iglesia, tambi\u00e9n hicieron unos t\u00faneles subterr\u00e1neos que cruzan todo el pueblo y van a parar a la sierra. En la sierra solamente se encuentran 6 puertas, pero la s\u00e9ptima puerta, que es por la que se entra a los t\u00faneles desde la iglesia, no se encuentra. Tambi\u00e9n se dice que esos t\u00faneles se utilizaron durante la Guerra Civil para huir de las tropas de Franco.<\/p>\n<p style=\"text-align: justify;\"><strong>\u00a0 \u00a0Saludos y r\u00e1fagas.<\/strong><\/p>\n<!-- AddThis Advanced Settings generic via filter on the_content --><!-- AddThis Share Buttons generic via filter on the_content -->","protected":false},"excerpt":{"rendered":"<p>El Moto Club \u201cLa Bre\u00f1a\u201d de la localidad de Deleitosa (C\u00e1ceres)organiza el d\u00eda 14 de julio de 2012, su 2\u00aa kedada en el\u00a0municipio. La apertura de inscripciones ser\u00e1 a las 10:00 h. en el Bar Jony, para posteriormente a las 11:00, realizar una ruta por la comarca de las Villuercas (a\u00fan pendiente de determinar el [&hellip;]<!-- AddThis Advanced Settings generic via filter on get_the_excerpt --><!-- AddThis Share Buttons generic via filter on get_the_excerpt --><\/p>\n","protected":false},"author":49,"featured_media":0,"comment_status":"open","ping_status":"closed","sticky":false,"template":"","format":"standard","meta":[],"categories":[13],"tags":[205,234,622,639],"_links":{"self":[{"href":"https:\/\/blogs.hoy.es\/moterosdehoy\/wp-json\/wp\/v2\/posts\/192"}],"collection":[{"href":"https:\/\/blogs.hoy.es\/moterosdehoy\/wp-json\/wp\/v2\/posts"}],"about":[{"href":"https:\/\/blogs.hoy.es\/moterosdehoy\/wp-json\/wp\/v2\/types\/post"}],"author":[{"embeddable":true,"href":"https:\/\/blogs.hoy.es\/moterosdehoy\/wp-json\/wp\/v2\/users\/49"}],"replies":[{"embeddable":true,"href":"https:\/\/blogs.hoy.es\/moterosdehoy\/wp-json\/wp\/v2\/comments?post=192"}],"version-history":[{"count":0,"href":"https:\/\/blogs.hoy.es\/moterosdehoy\/wp-json\/wp\/v2\/posts\/192\/revisions"}],"wp:attachment":[{"href":"https:\/\/blogs.hoy.es\/moterosdehoy\/wp-json\/wp\/v2\/media?parent=192"}],"wp:term":[{"taxonomy":"category","embeddable":true,"href":"https:\/\/blogs.hoy.es\/moterosdehoy\/wp-json\/wp\/v2\/categories?post=192"},{"taxonomy":"post_tag","embeddable":true,"href":"https:\/\/blogs.hoy.es\/moterosdehoy\/wp-json\/wp\/v2\/tags?post=192"}],"curies":[{"name":"wp","href":"https:\/\/api.w.org\/{rel}","templated":true}]}}