{"id":1920,"date":"2016-05-31T16:21:16","date_gmt":"2016-05-31T16:21:16","guid":{"rendered":"http:\/\/blogs.hoy.es\/moterosdehoy\/?p=1920"},"modified":"2016-05-31T16:21:16","modified_gmt":"2016-05-31T16:21:16","slug":"concentracion-motera-en-puebla-de-obando","status":"publish","type":"post","link":"https:\/\/blogs.hoy.es\/moterosdehoy\/2016\/05\/31\/concentracion-motera-en-puebla-de-obando\/","title":{"rendered":"Concentraci\u00f3n motera en Puebla de Obando"},"content":{"rendered":"<p>Se ve que las concentraciones moteras est\u00e1n de moda, ya no nos contentamos con unirnos a las que ya hay y no paran de salir nuevos eventos. \u00c9ste es el caso de la pe\u00f1a motera &#8220;Carretera y Manta Comarca L\u00e1cara&#8221;.<\/p>\n<p><a href=\"\/moterosdehoy\/wp-content\/uploads\/sites\/45\/2016\/05\/2016-06-Puebla-de-Obando.jpg\"><img loading=\"lazy\" class=\"alignleft size-medium wp-image-1921\" title=\"2016-06 Puebla de Obando\" src=\"\/moterosdehoy\/wp-content\/uploads\/sites\/45\/2016\/05\/2016-06-Puebla-de-Obando.jpg\" alt=\"\" width=\"213\" height=\"300\" srcset=\"https:\/\/static-blogs.hoy.es\/wp-content\/uploads\/sites\/45\/2016\/05\/2016-06-Puebla-de-Obando.jpg 569w, https:\/\/static-blogs.hoy.es\/wp-content\/uploads\/sites\/45\/2016\/05\/2016-06-Puebla-de-Obando-213x300.jpg 213w\" sizes=\"(max-width: 213px) 100vw, 213px\" \/><\/a>Para los d\u00edas <strong>4 y 5 de junio<\/strong> nos han preparado su primera concentraci\u00f3n motera y tendr\u00e1 lugar en su localidad <strong><a title=\"Puebla de Obando en wikipedia\" href=\"https:\/\/es.wikipedia.org\/wiki\/Puebla_de_Obando\" target=\"_blank\" rel=\"external nofollow\">Puebla de Obando<\/a><\/strong> (Badajoz)<!--more--><\/p>\n<p>Hay que reconocer que han trabajado bien para ser su primera vez y a la espera de como pueda transcurrir, han pensado en todo lo necesario para que haya buen rollo y se pueda disfrutar de un buen fin de semana motero.<\/p>\n<p>En el cartel tienes toda la informaci\u00f3n necesaria, pues dispones de varios tel\u00e9fonos tanto de la propia pe\u00f1a, como para reserva de habitaci\u00f3n a buen precio.<\/p>\n<p>Dentro del programa habr\u00e1 m\u00fasica, ruta, picoteo, corte de jam\u00f3n, copas, trofeos, sorteos&#8230; Todo ello con dos tipos de inscripci\u00f3n, una de 22\u20ac para los dos d\u00edas y otra de 14\u20ac para solo domingo.<\/p>\n<p>Saludos y r\u00e1fagas.<\/p>\n<!-- AddThis Advanced Settings generic via filter on the_content --><!-- AddThis Share Buttons generic via filter on the_content -->","protected":false},"excerpt":{"rendered":"<p>Se ve que las concentraciones moteras est\u00e1n de moda, ya no nos contentamos con unirnos a las que ya hay y no paran de salir nuevos eventos. \u00c9ste es el caso de la pe\u00f1a motera &#8220;Carretera y Manta Comarca L\u00e1cara&#8221;. Para los d\u00edas 4 y 5 de junio nos han preparado su primera concentraci\u00f3n motera [&hellip;]<!-- AddThis Advanced Settings generic via filter on get_the_excerpt --><!-- AddThis Share Buttons generic via filter on get_the_excerpt --><\/p>\n","protected":false},"author":49,"featured_media":0,"comment_status":"open","ping_status":"closed","sticky":false,"template":"","format":"standard","meta":[],"categories":[13],"tags":[611,622,709,760],"_links":{"self":[{"href":"https:\/\/blogs.hoy.es\/moterosdehoy\/wp-json\/wp\/v2\/posts\/1920"}],"collection":[{"href":"https:\/\/blogs.hoy.es\/moterosdehoy\/wp-json\/wp\/v2\/posts"}],"about":[{"href":"https:\/\/blogs.hoy.es\/moterosdehoy\/wp-json\/wp\/v2\/types\/post"}],"author":[{"embeddable":true,"href":"https:\/\/blogs.hoy.es\/moterosdehoy\/wp-json\/wp\/v2\/users\/49"}],"replies":[{"embeddable":true,"href":"https:\/\/blogs.hoy.es\/moterosdehoy\/wp-json\/wp\/v2\/comments?post=1920"}],"version-history":[{"count":0,"href":"https:\/\/blogs.hoy.es\/moterosdehoy\/wp-json\/wp\/v2\/posts\/1920\/revisions"}],"wp:attachment":[{"href":"https:\/\/blogs.hoy.es\/moterosdehoy\/wp-json\/wp\/v2\/media?parent=1920"}],"wp:term":[{"taxonomy":"category","embeddable":true,"href":"https:\/\/blogs.hoy.es\/moterosdehoy\/wp-json\/wp\/v2\/categories?post=1920"},{"taxonomy":"post_tag","embeddable":true,"href":"https:\/\/blogs.hoy.es\/moterosdehoy\/wp-json\/wp\/v2\/tags?post=1920"}],"curies":[{"name":"wp","href":"https:\/\/api.w.org\/{rel}","templated":true}]}}