{"id":1926,"date":"2016-06-04T19:09:42","date_gmt":"2016-06-04T19:09:42","guid":{"rendered":"http:\/\/blogs.hoy.es\/moterosdehoy\/?p=1926"},"modified":"2016-06-04T19:09:42","modified_gmt":"2016-06-04T19:09:42","slug":"v-reunion-motera-solidaria-en-zahinos","status":"publish","type":"post","link":"https:\/\/blogs.hoy.es\/moterosdehoy\/2016\/06\/04\/v-reunion-motera-solidaria-en-zahinos\/","title":{"rendered":"V Reuni\u00f3n motera solidaria en Zahinos"},"content":{"rendered":"<p>La pe\u00f1a motera \u201cAlkornomotos\u201d de la localidad de\u00a0<a title=\"Zahinos en wikipedia\" href=\"http:\/\/es.wikipedia.org\/wiki\/Zah%C3%ADnos\" target=\"_blank\" rel=\"external nofollow\">Zahinos<\/a>\u00a0(Badajoz), nos trae su &#8220;Quinta reuni\u00f3n motera solidaria Alkornomotos&#8221;.<\/p>\n<p><a href=\"\/moterosdehoy\/wp-content\/uploads\/sites\/45\/2016\/06\/2016-06-Zahinos.jpg\"><img loading=\"lazy\" class=\"alignleft size-medium wp-image-1927\" title=\"2016-06 Zahinos\" src=\"\/moterosdehoy\/wp-content\/uploads\/sites\/45\/2016\/06\/2016-06-Zahinos.jpg\" alt=\"\" width=\"209\" height=\"300\" srcset=\"https:\/\/static-blogs.hoy.es\/wp-content\/uploads\/sites\/45\/2016\/06\/2016-06-Zahinos.jpg 670w, https:\/\/static-blogs.hoy.es\/wp-content\/uploads\/sites\/45\/2016\/06\/2016-06-Zahinos-209x300.jpg 209w\" sizes=\"(max-width: 209px) 100vw, 209px\" \/><\/a>Tendr\u00e1 lugar el\u00a0<strong>domingo d\u00eda 12 de junio<\/strong>, como en ediciones anteriores en su localidad, de donde todos los beneficios que puedan obtener ir\u00e1n destinados a FEDER, Fundaci\u00f3n Espa\u00f1ola de Enfermedades Raras.<!--more--><\/p>\n<p>Dentro del programa tienen previsto:<\/p>\n<p>&#8211; De 09:30 a 10:30 horas desayuno.<\/p>\n<p>&#8211; 11:00 h ruta.<\/p>\n<p>&#8211; 14:00 h comida.<\/p>\n<p>El evento aunque es una reuni\u00f3n motera y hay una inscripci\u00f3n de 8\u20ac, estar\u00e1 abierto a todo el p\u00fablico.<\/p>\n<p>\u00c9sta concentraci\u00f3n tiene gran aceptaci\u00f3n motera, as\u00ed que si quieres pasar un gran d\u00eda entre colegas no dudes en darte una vuelta por all\u00ed, adem\u00e1s tiene car\u00e1cter solidario.<\/p>\n<p>Ac\u00e9rcate a pasar un buen rato.<\/p>\n<p>Saludos y r\u00e1fagas.<\/p>\n<!-- AddThis Advanced Settings generic via filter on the_content --><!-- AddThis Share Buttons generic via filter on the_content -->","protected":false},"excerpt":{"rendered":"<p>La pe\u00f1a motera \u201cAlkornomotos\u201d de la localidad de\u00a0Zahinos\u00a0(Badajoz), nos trae su &#8220;Quinta reuni\u00f3n motera solidaria Alkornomotos&#8221;. Tendr\u00e1 lugar el\u00a0domingo d\u00eda 12 de junio, como en ediciones anteriores en su localidad, de donde todos los beneficios que puedan obtener ir\u00e1n destinados a FEDER, Fundaci\u00f3n Espa\u00f1ola de Enfermedades Raras.<!-- AddThis Advanced Settings generic via filter on get_the_excerpt --><!-- AddThis Share Buttons generic via filter on get_the_excerpt --><\/p>\n","protected":false},"author":49,"featured_media":0,"comment_status":"open","ping_status":"closed","sticky":false,"template":"","format":"standard","meta":[],"categories":[13],"tags":[50,611,622,725],"_links":{"self":[{"href":"https:\/\/blogs.hoy.es\/moterosdehoy\/wp-json\/wp\/v2\/posts\/1926"}],"collection":[{"href":"https:\/\/blogs.hoy.es\/moterosdehoy\/wp-json\/wp\/v2\/posts"}],"about":[{"href":"https:\/\/blogs.hoy.es\/moterosdehoy\/wp-json\/wp\/v2\/types\/post"}],"author":[{"embeddable":true,"href":"https:\/\/blogs.hoy.es\/moterosdehoy\/wp-json\/wp\/v2\/users\/49"}],"replies":[{"embeddable":true,"href":"https:\/\/blogs.hoy.es\/moterosdehoy\/wp-json\/wp\/v2\/comments?post=1926"}],"version-history":[{"count":0,"href":"https:\/\/blogs.hoy.es\/moterosdehoy\/wp-json\/wp\/v2\/posts\/1926\/revisions"}],"wp:attachment":[{"href":"https:\/\/blogs.hoy.es\/moterosdehoy\/wp-json\/wp\/v2\/media?parent=1926"}],"wp:term":[{"taxonomy":"category","embeddable":true,"href":"https:\/\/blogs.hoy.es\/moterosdehoy\/wp-json\/wp\/v2\/categories?post=1926"},{"taxonomy":"post_tag","embeddable":true,"href":"https:\/\/blogs.hoy.es\/moterosdehoy\/wp-json\/wp\/v2\/tags?post=1926"}],"curies":[{"name":"wp","href":"https:\/\/api.w.org\/{rel}","templated":true}]}}