{"id":1946,"date":"2016-06-23T19:48:48","date_gmt":"2016-06-23T19:48:48","guid":{"rendered":"http:\/\/blogs.hoy.es\/moterosdehoy\/?p=1946"},"modified":"2016-06-23T19:48:48","modified_gmt":"2016-06-23T19:48:48","slug":"gira-sin-riders-2016","status":"publish","type":"post","link":"https:\/\/blogs.hoy.es\/moterosdehoy\/2016\/06\/23\/gira-sin-riders-2016\/","title":{"rendered":"Gira Sin Riders 2016"},"content":{"rendered":"<p>Dentro del mundo motero hay clubes de todo tipo, unos solidarios, otros no, unos con el \u00fanico objetivo de la pasi\u00f3n por conducir, otros reivindicadores de algo&#8230; y \u00e9ste es el caso de &#8220;<a title=\"P\u00e1gina oficial Sin Riders\" href=\"http:\/\/www.sinriders.com\/index.html\" target=\"_blank\" rel=\"external nofollow\">SIN Riders<\/a>&#8221;<\/p>\n<p><a href=\"\/moterosdehoy\/wp-content\/uploads\/sites\/45\/2016\/06\/Logo_SIN_RIders.gif\"><img loading=\"lazy\" class=\"alignleft size-medium wp-image-1947\" title=\"Logo_SIN_RIders\" src=\"\/moterosdehoy\/wp-content\/uploads\/sites\/45\/2016\/06\/Logo_SIN_RIders.gif\" alt=\"\" width=\"262\" height=\"300\" \/><\/a>Los Sin Riders son un grupo de moteros unidos por la pasi\u00f3n hacia el motor, la carretera. Los miles de kil\u00f3metros de rodaje que llevan a sus espaldas les han ense\u00f1ado a saborear cada palmo de asfalto, cada nuevo rinc\u00f3n que descubren y a aprender de las personas con las que tropiezan. <!--more-->Pero si hay algo que ha marcado su camino es la conciencia de que la carretera y el alcohol son incompatibles. Por ello, promulgan que durante la conducci\u00f3n no se consuman bebidas alcoh\u00f3licas, una vez llegues al destino y dejes aparcado el veh\u00edculo consume lo que quieras.<\/p>\n<p>SIN Riders tiene como slogan &#8220;En la carretera cerveza SIN&#8221;. Una iniciativa de la Asociaci\u00f3n de Cerveceros de Espa\u00f1a, que tiene como objetivo concienciar a la opini\u00f3n p\u00fablica en general y a los conductores en particular, sobre la incompatibilidad entre el alcohol y la conducci\u00f3n, recordando adem\u00e1s a los consumidores de cerveza, que se puede optar por la variedad sin alcohol, si tienen previsto conducir. La campa\u00f1a se desarrolla en colaboraci\u00f3n con la Direcci\u00f3n General de Tr\u00e1fico (DGT), y el apoyo de m\u00e1s de quince instituciones en materia de Seguridad Vial.<\/p>\n<p>Cuando realizas una parada durante una ruta y sobre todo con calor, apetece un refresco bien fr\u00edo, y est\u00e1 claro que hay un n\u00famero muy elevado de moteros a los que nos gusta la cerveza, pero aqu\u00ed tenemos una buena soluci\u00f3n, cuando quieras una cerveza bien fr\u00eda y luego seguir conduciendo, pide una cerveza sin alcohol. Las hay de muchas marcas y seguro que encuentras alguna que sea de tu agrado.<\/p>\n<p>Ellos se han propuesto el objetivo de incentivar el consumo de cerveza sin alcohol durante la conducci\u00f3n, para ello realizan giras alrededor de Espa\u00f1a, incluidas sus islas, en las que al parar invitan a cervezas sin a los mayores de edad all\u00ed presentes. \u00c9ste a\u00f1o en el mes de Julio tienen su tercera edici\u00f3n de verano, en la que recorrer\u00e1n casi ocho mil kil\u00f3metros por nuestras carreteras.<\/p>\n<p>Adem\u00e1s de ir invitando a cervezas sin alcohol por donde vayan parando, realizan fiestas para concienciar su proyecto a la sociedad. En \u00e9sta gira realizar\u00e1n cinco fiestas:<a href=\"\/moterosdehoy\/wp-content\/uploads\/sites\/45\/2016\/06\/Gira-2016-Sin-Riders.jpg\"><img loading=\"lazy\" class=\"alignright size-medium wp-image-1948\" title=\"Gira 2016 Sin Riders\" src=\"\/moterosdehoy\/wp-content\/uploads\/sites\/45\/2016\/06\/Gira-2016-Sin-Riders.jpg\" alt=\"\" width=\"300\" height=\"227\" srcset=\"https:\/\/static-blogs.hoy.es\/wp-content\/uploads\/sites\/45\/2016\/06\/Gira-2016-Sin-Riders.jpg 642w, https:\/\/static-blogs.hoy.es\/wp-content\/uploads\/sites\/45\/2016\/06\/Gira-2016-Sin-Riders-300x228.jpg 300w\" sizes=\"(max-width: 300px) 100vw, 300px\" \/><\/a><\/p>\n<p style=\"text-align: center;\"><a title=\"Inscripci\u00f3n Sin Riders Madrid\" href=\"http:\/\/www.sinriders.com\/registro_madrid.html\" target=\"_blank\" rel=\"external nofollow\">3 de julio &#8211; Madrid<\/a><\/p>\n<p style=\"text-align: center;\">10 de julio &#8211; Gij\u00f3n<\/p>\n<p style=\"text-align: center;\">17 de julio &#8211; Murcia<\/p>\n<p style=\"text-align: center;\">24 de julio &#8211; M\u00e1laga<\/p>\n<p style=\"text-align: center;\">31 de julio &#8211; Valladolid<\/p>\n<p>Por el momento s\u00f3lo est\u00e1n abiertas las inscripciones para la fiesta de Madrid, seg\u00fan se vayan acercando las fechas ir\u00e9 poniendo enlaces desde \u00e9ste post, y tambi\u00e9n lo puedes ir viendo si los sigues en <a title=\"P\u00e1gina oficial Sin Riders\" href=\"http:\/\/www.sinriders.com\/index.html\" target=\"_blank\" rel=\"external nofollow\">su p\u00e1gina web<\/a>.<\/p>\n<p>La fiesta del 3 de julio en Madrid tendr\u00e1 lugar en el <a title=\"P\u00e1gina oficial del Circuito del Jarama\" href=\"http:\/\/www.jarama.org\/\" target=\"_blank\" rel=\"external nofollow\">Circuito del Jarama<\/a> &#8211; Autov\u00eda A-1, km 28, 28700 San Sebasti\u00e1n de los Reyes, Madrid, con el siguiente programa:<\/p>\n<p>10 h.\u00a0Recogida de acreditaciones<br \/>\n11 h.\u00a0Concierto de Black Ice (una de las mejores bandas tributo de AC\/DC)<br \/>\n12 h.\u00a0Ruta motera al Lago de Los \u00c1ngeles de San Rafael<\/p>\n<p>S\u00f3lo por inscribirte y acudir a la concentraci\u00f3n con tu moto, te har\u00e1n entrega de la camiseta oficial\u00a0SIN Riders e invitar\u00e1n a\u00a0cerveza SIN\u00a0y tapas. <strong>La inscripci\u00f3n es gratuita<\/strong>, por lo que si tienes disponible el d\u00eda p\u00e1sate por all\u00ed.<\/p>\n<p><a href=\"\/moterosdehoy\/wp-content\/uploads\/sites\/45\/2016\/06\/Gira-2016-Sin-Riders1.jpg\"><img loading=\"lazy\" class=\"alignleft size-medium wp-image-1949\" title=\"Gira 2016 Sin Riders\" src=\"\/moterosdehoy\/wp-content\/uploads\/sites\/45\/2016\/06\/Gira-2016-Sin-Riders1.jpg\" alt=\"\" width=\"300\" height=\"111\" srcset=\"https:\/\/static-blogs.hoy.es\/wp-content\/uploads\/sites\/45\/2016\/06\/Gira-2016-Sin-Riders1.jpg 851w, https:\/\/static-blogs.hoy.es\/wp-content\/uploads\/sites\/45\/2016\/06\/Gira-2016-Sin-Riders1-300x111.jpg 300w, https:\/\/static-blogs.hoy.es\/wp-content\/uploads\/sites\/45\/2016\/06\/Gira-2016-Sin-Riders1-768x284.jpg 768w\" sizes=\"(max-width: 300px) 100vw, 300px\" \/><\/a>Hay que decir que los SIN Riders son un grupo conformado por seis moteros, cuatro de ellos de Madrid, uno de C\u00f3rdoba y una de Badajoz, s\u00ed una, pues hay una chica motera entre ellos y adem\u00e1s de nuestra tierra, que es el nuevo fichaje de \u00e9ste a\u00f1o.<\/p>\n<p>Tendremos oportunidad de verlos pasar por Extremadura, pues realizar\u00e1n una parada en C\u00e1ceres el d\u00eda 27 de julio, al venir desde Tarifa y antes de finalizar la gira en Valladolid, aunque en C\u00e1ceres no habr\u00e1 fiesta s\u00ed podremos compartir una SIN fresquita con ellos.<\/p>\n<p>Para la fiesta de Madrid, yo me he inscrito, por lo que si ten\u00e9is la oportunidad de ir all\u00ed nos veremos y sacaremos unas fotos para el blog.<\/p>\n<p>Saludos y r\u00e1fagas.<\/p>\n<!-- AddThis Advanced Settings generic via filter on the_content --><!-- AddThis Share Buttons generic via filter on the_content -->","protected":false},"excerpt":{"rendered":"<p>Dentro del mundo motero hay clubes de todo tipo, unos solidarios, otros no, unos con el \u00fanico objetivo de la pasi\u00f3n por conducir, otros reivindicadores de algo&#8230; y \u00e9ste es el caso de &#8220;SIN Riders&#8221; Los Sin Riders son un grupo de moteros unidos por la pasi\u00f3n hacia el motor, la carretera. Los miles de [&hellip;]<!-- AddThis Advanced Settings generic via filter on get_the_excerpt --><!-- AddThis Share Buttons generic via filter on get_the_excerpt --><\/p>\n","protected":false},"author":49,"featured_media":0,"comment_status":"open","ping_status":"closed","sticky":false,"template":"","format":"standard","meta":[],"categories":[13],"tags":[427,622,906],"_links":{"self":[{"href":"https:\/\/blogs.hoy.es\/moterosdehoy\/wp-json\/wp\/v2\/posts\/1946"}],"collection":[{"href":"https:\/\/blogs.hoy.es\/moterosdehoy\/wp-json\/wp\/v2\/posts"}],"about":[{"href":"https:\/\/blogs.hoy.es\/moterosdehoy\/wp-json\/wp\/v2\/types\/post"}],"author":[{"embeddable":true,"href":"https:\/\/blogs.hoy.es\/moterosdehoy\/wp-json\/wp\/v2\/users\/49"}],"replies":[{"embeddable":true,"href":"https:\/\/blogs.hoy.es\/moterosdehoy\/wp-json\/wp\/v2\/comments?post=1946"}],"version-history":[{"count":0,"href":"https:\/\/blogs.hoy.es\/moterosdehoy\/wp-json\/wp\/v2\/posts\/1946\/revisions"}],"wp:attachment":[{"href":"https:\/\/blogs.hoy.es\/moterosdehoy\/wp-json\/wp\/v2\/media?parent=1946"}],"wp:term":[{"taxonomy":"category","embeddable":true,"href":"https:\/\/blogs.hoy.es\/moterosdehoy\/wp-json\/wp\/v2\/categories?post=1946"},{"taxonomy":"post_tag","embeddable":true,"href":"https:\/\/blogs.hoy.es\/moterosdehoy\/wp-json\/wp\/v2\/tags?post=1946"}],"curies":[{"name":"wp","href":"https:\/\/api.w.org\/{rel}","templated":true}]}}