{"id":195,"date":"2012-07-13T23:37:15","date_gmt":"2012-07-13T23:37:15","guid":{"rendered":"http:\/\/blogs.hoy.es\/moterosdehoy\/?p=195"},"modified":"2012-07-13T23:37:15","modified_gmt":"2012-07-13T23:37:15","slug":"27-28-y-29-de-julio-concentracion-motera-en-jaraiz-de-la-vera","status":"publish","type":"post","link":"https:\/\/blogs.hoy.es\/moterosdehoy\/2012\/07\/13\/27-28-y-29-de-julio-concentracion-motera-en-jaraiz-de-la-vera\/","title":{"rendered":"27, 28 y 29 de julio, Concentraci\u00f3n Motera en Jara\u00edz de la Vera"},"content":{"rendered":"<p style=\"text-align: justify;\">Como comentamos anteriormente los d\u00edas 27, 28 y 29 de julio de 2012 tendr\u00e1 lugar la XXIV\u00aa CONCENTRACION NACIONAL DE MOTOS \u201cComarca de la Vera\u201d, organizada por el <a href=\"http:\/\/www.motoclublavera.es\/\" target=\"_blank\" rel=\"external nofollow\">Moto Club LA VERA<\/a> \u201cLa Cabra tira al Monte\u201d, Jara\u00edz de la Vera volver\u00e1 a ser invadida durante todo el fin de semana, por centenares de motos y de personas atra\u00eddas por este evento.<a href=\"\/moterosdehoy\/wp-content\/uploads\/sites\/45\/2012\/07\/2012-07-27-Jara\u00edz1.jpg\"><img loading=\"lazy\" class=\"alignright size-medium wp-image-197\" title=\"Concentraci\u00f3n Motera Jara\u00edz de la Vera\" src=\"\/moterosdehoy\/wp-content\/uploads\/sites\/45\/2012\/07\/2012-07-27-Jara\u00edz1.jpg\" alt=\"\" width=\"144\" height=\"300\" \/><\/a><\/p>\n<p style=\"text-align: justify;\">De Piornal bajaremos a Pasar\u00f3n de la Vera, y a Tejeda del Ti\u00e9tar donde cogeremos aire para estar a las 14\u201930 horas en el <a href=\"http:\/\/www.abadiadeyuste.com\/\" target=\"_blank\" rel=\"external nofollow\">Restaurante Abad\u00eda de Cuacos de Yuste<\/a> para comenzar a comer. Durante la comida entregaremos los trofeos: Al primer inscrito, a la mejor mascota, a la mejor bandera, al Moto Club con mas inscritos, al piloto m\u00e1s lejano, al ciclomotor m\u00e1s lejano, al piloto m\u00e1s joven, al piloto de m\u00e1s edad, a la moto m\u00e1s nueva, a Miss y\u00a0 M\u00edster concentraci\u00f3n, al chaleco con m\u00e1s medallas, a la moto antigua m\u00e1s lejana y a la desgracia. Tambi\u00e9n haremos entrega de un mont\u00f3n de regalos entre todos los participantes, ofrecidos por las distintas casas comerciales de la localidad y alrededores.<\/p>\n<p style=\"text-align: justify;\">Terminaremos la concentraci\u00f3n a las 16\u201930 horas, deseando a todos los participantes un feliz viaje de regreso y con el deseo de que el pr\u00f3ximo a\u00f1o nos volvamos a encontrar en esta reuni\u00f3n de amigos amantes del mundo de las dos ruedas.<\/p>\n<p style=\"text-align: justify;\">La Concentraci\u00f3n comenzar\u00e1 el viernes 27 de julio a las 20:00 horas con la siguiente programaci\u00f3n:\u00a0<!--more--><\/p>\n<p style=\"text-align: justify;\">\u00a0<strong><em><span style=\"text-decoration: underline;\">D\u00eda 27 de Julio<\/span><\/em><\/strong><\/p>\n<p style=\"text-align: justify;\">20\u201900 Horas,- Apertura de Inscripciones en Rte. Kiosco Santa Ana, donde se ofrecer\u00e1 una consumici\u00f3n a los inscritos (las inscripciones son limitadas).<\/p>\n<p style=\"text-align: justify;\">22\u201900 Horas.- Cierre de inscripciones<\/p>\n<p style=\"text-align: justify;\">23\u201900 Horas.- Fiesta Motera en Polideportivo Municipal con Macro Discoteca.<\/p>\n<p style=\"text-align: justify;\">\u00a0<strong><em><span style=\"text-decoration: underline;\">D\u00eda 28 de Julio<\/span><\/em><\/strong><\/p>\n<p style=\"text-align: justify;\">12\u201900 Horas.- Apertura de Inscripciones en Rte. Kiosco Santa Ana (invitaci\u00f3n para los inscritos), permaneciendo abierta las inscripciones hasta su cierre a las 21:00.<\/p>\n<p style=\"text-align: justify;\">18\u201930 Horas.- Ruta baritina.<\/p>\n<p style=\"text-align: justify;\">21\u201900\u00a0 Horas.- Cierre de inscripciones<\/p>\n<p style=\"text-align: justify;\">21\u201930 Horas.- Cena en Restaurante Abad\u00eda de Cuacos de Yuste (Salida desde el Polideportivo municipal)<\/p>\n<p style=\"text-align: justify;\">23\u201900\u00a0 Horas.- Pasacalle por distintas calles de la Villa de Jara\u00edz. Para ello se saldr\u00e1 desde Cuacos de Yuste hacia Jara\u00edz de la Vera, para celebrar el ya tradicional Pasacalles que tanto gusta a todas las personas que acuden a disfrutar de la fiesta y del ambiente motero que se respira por todas las calles de la localidad y de la Comarca. Una vez terminado el pasacalles habr\u00e1 fiesta y actuaciones en directo que tendr\u00e1n lugar en el Polideportivo Municipal, tales como, estriptis masculino y femenino, estriptis en pareja, concurso de Full Monty, elecci\u00f3n de Miss y M\u00edster concentraci\u00f3n y un mont\u00f3n de regalos a lo largo de toda la noche o hasta que el cuerpo aguante.<\/p>\n<p style=\"text-align: justify;\">24\u201900 Horas.- Fiesta Motera en Polideportivo Municipal<\/p>\n<p style=\"text-align: justify;\">\u00a0<strong><em><span style=\"text-decoration: underline;\">D\u00eda 29 de Julio<\/span><\/em><\/strong><\/p>\n<p style=\"text-align: justify;\">\u00a009\u201900\u00a0 Horas.- Diana<\/p>\n<p style=\"text-align: justify;\">09\u201930\u00a0 Horas.- Desayuno (en cafeter\u00edas y bares concertados), para coger fuerzas y comenzar la ruta moto-tur\u00edstica por\u00a0 algunos de los pueblos que componen la hermosa Comarca de la Vera.<\/p>\n<p style=\"text-align: justify;\">10\u201930 Horas.- Ruta por la Comarca, partiendo de Jara\u00edz de la Vera y visitando Cuacos de Yuste, el Monasterio de Yuste y la bonita y t\u00edpica localidad de Garganta la Olla, donde se ofrecer\u00e1 un refrigerio para coger fuerzas antes de subir al municipio de Piornal, Pasar\u00f3n de la Vera, Tejeda de Tietar (consumici\u00f3n) y Cuacos de Yuste<\/p>\n<p style=\"text-align: justify;\">14\u201930 Horas.- Almuerzo en Restaurante La Abad\u00eda (Cuacos de Yuste) entrega de trofeos y regalos<\/p>\n<p style=\"text-align: justify;\">16\u201930\u00a0 Horas.- Final de la Concentraci\u00f3n<\/p>\n<p style=\"text-align: justify;\"><strong>Es de se\u00f1alar que se trata de la concentraci\u00f3n motera de Extremadura con mayor afluencia de motos<\/strong>. No entendiendo el motivo de su nombre &#8220;concentraci\u00f3n nacional de motos&#8221; dado que acuden moteros de muchos puntos de Europa, en concreto el a\u00f1o pasado el que gan\u00f3 el premio a la moto m\u00e1s lejana acudi\u00f3 desde Holanda y como es normal amigos portugueses acuden muchos. A su vez <strong>para los que no conozcan la zona avisarles<\/strong> de que si van para all\u00e1 <strong>que metan el ba\u00f1ador y la toalla en las maletas de la moto<\/strong>, dado que <strong>las piscinas naturales de la comarca son una maravilla,<\/strong> os dejo un enlace a un v\u00eddeo para que ve\u00e1is la piscina natural de Jara\u00edz de la Vera:<\/p>\n<p><iframe loading=\"lazy\" src=\"\/\/www.youtube.com\/embed\/0mkOAUI6-nI\" frameborder=\"0\" width=\"480\" height=\"360\"><\/iframe><\/p>\n<p style=\"text-align: justify;\"><strong>\u00a0 \u00a0Saludos y r\u00e1fagas.<\/strong><\/p>\n<!-- AddThis Advanced Settings generic via filter on the_content --><!-- AddThis Share Buttons generic via filter on the_content -->","protected":false},"excerpt":{"rendered":"<p>Como comentamos anteriormente los d\u00edas 27, 28 y 29 de julio de 2012 tendr\u00e1 lugar la XXIV\u00aa CONCENTRACION NACIONAL DE MOTOS \u201cComarca de la Vera\u201d, organizada por el Moto Club LA VERA \u201cLa Cabra tira al Monte\u201d, Jara\u00edz de la Vera volver\u00e1 a ser invadida durante todo el fin de semana, por centenares de motos [&hellip;]<!-- AddThis Advanced Settings generic via filter on get_the_excerpt --><!-- AddThis Share Buttons generic via filter on get_the_excerpt --><\/p>\n","protected":false},"author":49,"featured_media":0,"comment_status":"open","ping_status":"closed","sticky":false,"template":"","format":"standard","meta":[],"categories":[13],"tags":[212,237,622,639],"_links":{"self":[{"href":"https:\/\/blogs.hoy.es\/moterosdehoy\/wp-json\/wp\/v2\/posts\/195"}],"collection":[{"href":"https:\/\/blogs.hoy.es\/moterosdehoy\/wp-json\/wp\/v2\/posts"}],"about":[{"href":"https:\/\/blogs.hoy.es\/moterosdehoy\/wp-json\/wp\/v2\/types\/post"}],"author":[{"embeddable":true,"href":"https:\/\/blogs.hoy.es\/moterosdehoy\/wp-json\/wp\/v2\/users\/49"}],"replies":[{"embeddable":true,"href":"https:\/\/blogs.hoy.es\/moterosdehoy\/wp-json\/wp\/v2\/comments?post=195"}],"version-history":[{"count":0,"href":"https:\/\/blogs.hoy.es\/moterosdehoy\/wp-json\/wp\/v2\/posts\/195\/revisions"}],"wp:attachment":[{"href":"https:\/\/blogs.hoy.es\/moterosdehoy\/wp-json\/wp\/v2\/media?parent=195"}],"wp:term":[{"taxonomy":"category","embeddable":true,"href":"https:\/\/blogs.hoy.es\/moterosdehoy\/wp-json\/wp\/v2\/categories?post=195"},{"taxonomy":"post_tag","embeddable":true,"href":"https:\/\/blogs.hoy.es\/moterosdehoy\/wp-json\/wp\/v2\/tags?post=195"}],"curies":[{"name":"wp","href":"https:\/\/api.w.org\/{rel}","templated":true}]}}