{"id":1951,"date":"2016-06-25T11:25:43","date_gmt":"2016-06-25T11:25:43","guid":{"rendered":"http:\/\/blogs.hoy.es\/moterosdehoy\/?p=1951"},"modified":"2016-06-25T11:25:43","modified_gmt":"2016-06-25T11:25:43","slug":"jornada-de-donacion-de-sangre","status":"publish","type":"post","link":"https:\/\/blogs.hoy.es\/moterosdehoy\/2016\/06\/25\/jornada-de-donacion-de-sangre\/","title":{"rendered":"Jornada de donaci\u00f3n de sangre"},"content":{"rendered":"<p>Una a\u00f1o m\u00e1s el Moto Club Buitres Leonaos nos ha organizado una jornada de donaci\u00f3n de sangre, cada vez acuden con m\u00e1s fuerza, para \u00e9sta ocasi\u00f3n estar\u00e1n apoyados por la Asociaci\u00f3n Motera Extremadura 15-50.<\/p>\n<p><a href=\"\/moterosdehoy\/wp-content\/uploads\/sites\/45\/2016\/06\/2016-06-C\u00e1ceres_.jpg\"><img loading=\"lazy\" class=\"alignleft size-medium wp-image-1952\" title=\"2016-06 C\u00e1ceres_\" src=\"\/moterosdehoy\/wp-content\/uploads\/sites\/45\/2016\/06\/2016-06-C\u00e1ceres_.jpg\" alt=\"\" width=\"212\" height=\"300\" \/><\/a>Para ello presentan, la XIII campa\u00f1a Nacional Motera de Donaci\u00f3n de sangre y \u00f3rganos que, como en a\u00f1os anteriores, se lleva a cabo en <strong>C\u00e1ceres<\/strong> en estas fechas. <!--more-->La misma tendr\u00e1 lugar en la Avda. de Espa\u00f1a, en la Casa de las Hermanitas de los Pobres, el <strong>martes 28 de Junio<\/strong>, en horario <strong>de 18 a 22 horas<\/strong>, tiempo en el cual los profesionales del Banco de Sangre de Extremadura, permanecer\u00e1n en el lugar mencionado, haciendo las oportunas extracciones.<\/p>\n<p>Adem\u00e1s, se contar\u00e1 con la presencia de la asociaci\u00f3n DYA (Detente Y Ayuda) que instalar\u00e1 una carpa, donde har\u00e1 simulacros de la gran labor que, d\u00eda a d\u00eda, realizan para minimizar e intentar paliar las graves consecuencias de los accidentados, tambi\u00e9n se contar\u00e1 con la presencia de la Fundaci\u00f3n AVATA, que se encarga de facilitar la asistencia integral a los implicados en accidentes de tr\u00e1fico, y varias asociaciones m\u00e1s, encargadas de promocionar la donaci\u00f3n de \u00a0\u00f3rganos. Y para quitar un poco de hierro al asunto y dar un toque de humor a la fiesta de la solidaridad, estar\u00e1 la actuaci\u00f3n del incombustible Franquete, que deleitar\u00e1 con una colecci\u00f3n de chistes de moteros y no moteros.<\/p>\n<p>Con dicha campa\u00f1a, se tratar\u00e1 de recaudar el mayor volumen \u00a0de sangre posible, de cara a las vacaciones estivales, donde los accidentes de tr\u00e1fico se incrementan y los bancos de sangre ven mermadas sus existencias. As\u00ed mismo, se quiere concienciar a la poblaci\u00f3n en general, de la necesidad de hacerse donante de \u00f3rganos, ya que, una vez que no se necesitan, pueden servir para que otra persona siga viviendo.<\/p>\n<p>A la cita, no s\u00f3lo est\u00e1n convocados los moteros, sino que pueden colaborar todas las personas que quieran tener un gesto solidario y altruista que puede llevar a salvar vidas, un peque\u00f1o gesto f\u00edsico, que se convierte en un mundo para aquella persona que necesita y recibe un soplo de vida a trav\u00e9s de la donaci\u00f3n.<\/p>\n<p>Tal y como dicen ellos <em>&#8220;Se\u00f1ores, se\u00f1oras, no se queden en casa, pasen a donar un rayo de vida&#8221; <\/em>No te hagas el remol\u00f3n y acude a la cita.<\/p>\n<p>Saludos y r\u00e1fagas.<\/p>\n<!-- AddThis Advanced Settings generic via filter on the_content --><!-- AddThis Share Buttons generic via filter on the_content -->","protected":false},"excerpt":{"rendered":"<p>Una a\u00f1o m\u00e1s el Moto Club Buitres Leonaos nos ha organizado una jornada de donaci\u00f3n de sangre, cada vez acuden con m\u00e1s fuerza, para \u00e9sta ocasi\u00f3n estar\u00e1n apoyados por la Asociaci\u00f3n Motera Extremadura 15-50. Para ello presentan, la XIII campa\u00f1a Nacional Motera de Donaci\u00f3n de sangre y \u00f3rganos que, como en a\u00f1os anteriores, se lleva [&hellip;]<!-- AddThis Advanced Settings generic via filter on get_the_excerpt --><!-- AddThis Share Buttons generic via filter on get_the_excerpt --><\/p>\n","protected":false},"author":49,"featured_media":0,"comment_status":"open","ping_status":"closed","sticky":false,"template":"","format":"standard","meta":[],"categories":[13],"tags":[120,347,348,383,611,622],"_links":{"self":[{"href":"https:\/\/blogs.hoy.es\/moterosdehoy\/wp-json\/wp\/v2\/posts\/1951"}],"collection":[{"href":"https:\/\/blogs.hoy.es\/moterosdehoy\/wp-json\/wp\/v2\/posts"}],"about":[{"href":"https:\/\/blogs.hoy.es\/moterosdehoy\/wp-json\/wp\/v2\/types\/post"}],"author":[{"embeddable":true,"href":"https:\/\/blogs.hoy.es\/moterosdehoy\/wp-json\/wp\/v2\/users\/49"}],"replies":[{"embeddable":true,"href":"https:\/\/blogs.hoy.es\/moterosdehoy\/wp-json\/wp\/v2\/comments?post=1951"}],"version-history":[{"count":0,"href":"https:\/\/blogs.hoy.es\/moterosdehoy\/wp-json\/wp\/v2\/posts\/1951\/revisions"}],"wp:attachment":[{"href":"https:\/\/blogs.hoy.es\/moterosdehoy\/wp-json\/wp\/v2\/media?parent=1951"}],"wp:term":[{"taxonomy":"category","embeddable":true,"href":"https:\/\/blogs.hoy.es\/moterosdehoy\/wp-json\/wp\/v2\/categories?post=1951"},{"taxonomy":"post_tag","embeddable":true,"href":"https:\/\/blogs.hoy.es\/moterosdehoy\/wp-json\/wp\/v2\/tags?post=1951"}],"curies":[{"name":"wp","href":"https:\/\/api.w.org\/{rel}","templated":true}]}}