{"id":1954,"date":"2016-06-30T13:35:18","date_gmt":"2016-06-30T13:35:18","guid":{"rendered":"http:\/\/blogs.hoy.es\/moterosdehoy\/?p=1954"},"modified":"2016-06-30T13:35:18","modified_gmt":"2016-06-30T13:35:18","slug":"xv-concentracion-de-motos-en-losar-de-la-vera","status":"publish","type":"post","link":"https:\/\/blogs.hoy.es\/moterosdehoy\/2016\/06\/30\/xv-concentracion-de-motos-en-losar-de-la-vera\/","title":{"rendered":"XV Concentraci\u00f3n de motos en Losar de la Vera"},"content":{"rendered":"<p>El grupo motero &#8220;Los Rosal\u00edos&#8221; de Losar de la Vera (C\u00e1ceres), nos trae su quinceaba concentraci\u00f3n de motos, y como en ediciones anteriores tendr\u00e1 lugar en su localidad.<\/p>\n<p><a href=\"\/moterosdehoy\/wp-content\/uploads\/sites\/45\/2016\/06\/2016-07-Losar-de-la-Vera.jpg\"><img loading=\"lazy\" class=\"alignleft size-medium wp-image-1955\" title=\"2016-07 Losar de la Vera\" src=\"\/moterosdehoy\/wp-content\/uploads\/sites\/45\/2016\/06\/2016-07-Losar-de-la-Vera.jpg\" alt=\"\" width=\"211\" height=\"300\" srcset=\"https:\/\/static-blogs.hoy.es\/wp-content\/uploads\/sites\/45\/2016\/06\/2016-07-Losar-de-la-Vera.jpg 678w, https:\/\/static-blogs.hoy.es\/wp-content\/uploads\/sites\/45\/2016\/06\/2016-07-Losar-de-la-Vera-212x300.jpg 212w\" sizes=\"(max-width: 211px) 100vw, 211px\" \/><\/a>Para \u00e9sta ocasi\u00f3n nos tienen un fin de semana lleno de conciertos y rutas moteras. Tendr\u00e1 lugar <strong>del 1 al 3 de julio<\/strong> y habr\u00e1 dos modalidades de <strong>inscripci\u00f3n<\/strong>, una de fin de semana por <strong>25\u20ac<\/strong> y otra de s\u00f3lo domingo por <strong>15\u20ac<\/strong>. <!--more-->Lo que te dar\u00e1 derecho a bolsa de regalo, cena del viernes y s\u00e1bado, desayuno y comida del domingo, participar en el sorteo de una chaqueta de moto y muchos otros regalos.<\/p>\n<p>En el propio cartel tienes todos los horarios del programa, incluyendo los grupos que actuar\u00e1n.<\/p>\n<p>La concentraci\u00f3n comenzar\u00e1 el viernes a las 18 horas, y dar\u00e1 fin durante la tarde del domingo.<\/p>\n<p>Si no conoces la zona es un buen momento para ir a conocerla, disfrutar\u00e1s de preciosos paisajes y si ya la conoces pues que mejor sitio donde ir.<\/p>\n<p>Saludos y r\u00e1fagas.<\/p>\n<p>&nbsp;<\/p>\n<!-- AddThis Advanced Settings generic via filter on the_content --><!-- AddThis Share Buttons generic via filter on the_content -->","protected":false},"excerpt":{"rendered":"<p>El grupo motero &#8220;Los Rosal\u00edos&#8221; de Losar de la Vera (C\u00e1ceres), nos trae su quinceaba concentraci\u00f3n de motos, y como en ediciones anteriores tendr\u00e1 lugar en su localidad. Para \u00e9sta ocasi\u00f3n nos tienen un fin de semana lleno de conciertos y rutas moteras. Tendr\u00e1 lugar del 1 al 3 de julio y habr\u00e1 dos modalidades [&hellip;]<!-- AddThis Advanced Settings generic via filter on get_the_excerpt --><!-- AddThis Share Buttons generic via filter on get_the_excerpt --><\/p>\n","protected":false},"author":49,"featured_media":0,"comment_status":"open","ping_status":"closed","sticky":false,"template":"","format":"standard","meta":[],"categories":[13],"tags":[580,583,622,624,696,724],"_links":{"self":[{"href":"https:\/\/blogs.hoy.es\/moterosdehoy\/wp-json\/wp\/v2\/posts\/1954"}],"collection":[{"href":"https:\/\/blogs.hoy.es\/moterosdehoy\/wp-json\/wp\/v2\/posts"}],"about":[{"href":"https:\/\/blogs.hoy.es\/moterosdehoy\/wp-json\/wp\/v2\/types\/post"}],"author":[{"embeddable":true,"href":"https:\/\/blogs.hoy.es\/moterosdehoy\/wp-json\/wp\/v2\/users\/49"}],"replies":[{"embeddable":true,"href":"https:\/\/blogs.hoy.es\/moterosdehoy\/wp-json\/wp\/v2\/comments?post=1954"}],"version-history":[{"count":0,"href":"https:\/\/blogs.hoy.es\/moterosdehoy\/wp-json\/wp\/v2\/posts\/1954\/revisions"}],"wp:attachment":[{"href":"https:\/\/blogs.hoy.es\/moterosdehoy\/wp-json\/wp\/v2\/media?parent=1954"}],"wp:term":[{"taxonomy":"category","embeddable":true,"href":"https:\/\/blogs.hoy.es\/moterosdehoy\/wp-json\/wp\/v2\/categories?post=1954"},{"taxonomy":"post_tag","embeddable":true,"href":"https:\/\/blogs.hoy.es\/moterosdehoy\/wp-json\/wp\/v2\/tags?post=1954"}],"curies":[{"name":"wp","href":"https:\/\/api.w.org\/{rel}","templated":true}]}}