{"id":1960,"date":"2016-07-06T10:46:50","date_gmt":"2016-07-06T10:46:50","guid":{"rendered":"http:\/\/blogs.hoy.es\/moterosdehoy\/?p=1960"},"modified":"2016-07-06T10:46:50","modified_gmt":"2016-07-06T10:46:50","slug":"xv-concentracion-de-motos-en-puebla-de-la-calzada","status":"publish","type":"post","link":"https:\/\/blogs.hoy.es\/moterosdehoy\/2016\/07\/06\/xv-concentracion-de-motos-en-puebla-de-la-calzada\/","title":{"rendered":"XV Concentraci\u00f3n de motos en Puebla de la Calzada"},"content":{"rendered":"<p>La pe\u00f1a motera &#8220;Tribu Pies Sucios&#8221; de la localidad de <a title=\"Puebla de la Calzada en wikipedia\" href=\"https:\/\/es.wikipedia.org\/wiki\/Puebla_de_la_Calzada\" target=\"_blank\" rel=\"external nofollow\">Puebla de la Calzada<\/a> (Badajoz), nos ha organizado su quinceaba concentraci\u00f3n motera, y como ediciones anteriores tendr\u00e1 lugar en su localidad.<\/p>\n<p><a href=\"\/moterosdehoy\/wp-content\/uploads\/sites\/45\/2016\/07\/2016-07-Puebla-de-la-Calzada.jpg\"><img loading=\"lazy\" class=\"alignleft size-medium wp-image-1961\" title=\"2016-07 Puebla de la Calzada\" src=\"\/moterosdehoy\/wp-content\/uploads\/sites\/45\/2016\/07\/2016-07-Puebla-de-la-Calzada.jpg\" alt=\"\" width=\"215\" height=\"300\" srcset=\"https:\/\/static-blogs.hoy.es\/wp-content\/uploads\/sites\/45\/2016\/07\/2016-07-Puebla-de-la-Calzada.jpg 689w, https:\/\/static-blogs.hoy.es\/wp-content\/uploads\/sites\/45\/2016\/07\/2016-07-Puebla-de-la-Calzada-215x300.jpg 215w\" sizes=\"(max-width: 215px) 100vw, 215px\" \/><\/a>Est\u00e1 programada para el fin de semana del 8 al 10 de julio, bajo el t\u00edtulo de &#8220;XV Concentraci\u00f3n de Motos Comarca Vegas Bajas&#8221;.<!--more--><\/p>\n<p>Hay dos tipos de inscripciones, una de fin de semana por 25\u20ac y otra de s\u00f3lo domingo por 17\u20ac. Con ellas te dar\u00e1n una bolsa de bienvenida con tickets para consumiciones y comida, camiseta conmemorativa&#8230;<\/p>\n<p>Como en toda buena concentraci\u00f3n motera habr\u00e1 rutas, m\u00fasica, mercadillo artesanal, fiesta, gogos de animaci\u00f3n&#8230; y por supuesto, buen rollo y motos, muchas motos.<\/p>\n<p><strong>PROGRAMA:<\/strong><\/p>\n<p align=\"center\"><strong><span style=\"font-family: Calibri;\">DIA 8 (noche)<\/span><\/strong><\/p>\n<ul>\n<li><strong style=\"font-family: Calibri;\">21:00 H\u00a0\u00a0\u00a0\u00a0<\/strong><span style=\"color: #000000;\">Apertura de inscripciones con obsequio de Copa de Bienvenida,<\/span><span style=\"color: #000000;\">\u00a0 y bolsa de regalo para los 200 primeros inscritos<\/span><\/li>\n<li><strong style=\"font-family: Calibri;\">21:00 H\u00a0\u00a0\u00a0\u00a0<\/strong><span style=\"color: #000000;\">M\u00fasica en directo, Acampada en c\u00e9sped<\/span><span style=\"color: #000000;\">\u00a0 con vigilancia de tienda y moto<\/span><span style=\"color: #000000;\">.<\/span><\/li>\n<li>22:00 H<span>\u00a0 \u00a0Cena a la plancha para todo los inscritos<\/span><span>.<\/span><\/li>\n<li><strong style=\"font-family: Calibri;\">23:30 H<\/strong><span style=\"color: #000000;\">\u00a0\u00a0\u00a0\u00a0<\/span><span style=\"color: #000000;\">Ruta por las calles de Puebla de la Calzada.<\/span><\/li>\n<\/ul>\n<p align=\"center\"><strong><span style=\"font-family: Calibri;\">DIA 9<\/span><\/strong><\/p>\n<ul>\n<li><strong style=\"font-family: Calibri;\">10:00 H\u00a0\u00a0\u00a0\u00a0<\/strong><span style=\"color: #000000;\">Apertura de inscripciones con obsequio de \u00a0Desayuno hasta la 11.00 h<\/span><\/li>\n<li><strong style=\"font-family: Calibri;\">11:30 H<\/strong><span style=\"color: #000000;\">\u00a0\u00a0\u00a0\u00a0<\/span><span style=\"color: #000000;\">Salida \u00a0para Ruta Baritima con aperitivos y una consumici\u00f3n.<\/span><\/li>\n<li><strong style=\"font-family: Calibri;\">14:30 H \u00a0 \u00a0<\/strong><span style=\"color: #000000;\">Comida \u00a0en el Recinto Ferial con postre para todos los inscritos<\/span><strong style=\"font-family: Calibri;\"><span>.<\/span><\/strong><\/li>\n<li><strong style=\"font-family: Calibri;\">15:30 H<\/strong><span style=\"color: #000000;\">\u00a0 \u00a0 Hora d descanso y Refrescarse.<\/span><\/li>\n<li><strong>18:00 H \u00a0 \u00a0<span>Concurso y juegos donde daremos como premios los regalos ofrecidos por \u00a0los COLABORADORES.<\/span><\/strong><\/li>\n<li><strong style=\"font-family: Calibri;\">20:00 H\u00a0\u00a0\u00a0\u00a0<\/strong><span style=\"color: #000000;\">2\u00ba Ruta Baritima con<\/span><span style=\"color: #000000;\">\u00a0<\/span><span style=\"color: #000000;\">paradas programadas (bebidas y aperitivos) \u00a0Con la segunda consumici\u00f3n le entregaran un numero para el sorteo de un REGALO<\/span><\/li>\n<li><strong style=\"font-family: Calibri;\">22:30 H\u00a0\u00a0\u00a0<\/strong><span style=\"color: #000000;\">Cena Campestre (Serranito y postre).<\/span><\/li>\n<li><strong style=\"font-family: Calibri;\"><span style=\"color: #ff0000;\">23:00 H\u00a0\u00a0<\/span><span>Actuaci\u00f3n de GRUPO DE ROCK \u00a0Pareja Profesional de Animaci\u00f3n, Dj \u00a0y mas sorpresas para animar la \u00a0noche<\/span><\/strong><\/li>\n<\/ul>\n<p align=\"center\"><strong><span style=\"font-family: Calibri;\">DIA 10<\/span><\/strong><\/p>\n<ul>\n<li><strong>09:00 H<\/strong><span>\u00a0<\/span><span>\u00a0<\/span><span>Desayuno en el\u00a0<\/span><span>\u00a0<\/span><span>Recinto<\/span><\/li>\n<li><strong style=\"font-family: Calibri;\">10:00 H<\/strong><span style=\"color: #000000;\">\u00a0<\/span><span style=\"color: #000000;\">\u00a0<\/span><span style=\"color: #000000;\">Apertura de Inscripciones hasta hora de salida 11:00h<\/span><\/li>\n<li><strong style=\"font-family: Calibri;\">11:00 H\u00a0\u00a0\u00a0<\/strong><span style=\"color: #000000;\">Salida de Ruta Baritima donde \u00a0se pasar\u00e1 por dos Localidades de la Zona donde tendr\u00e1n preparado un<\/span><span style=\"color: #000000;\">\u00a0r<\/span><span style=\"font-family: Calibri;\">efresco y su correspondiente aperitivo.<\/span><\/li>\n<li><strong style=\"font-family: Calibri;\">15:00 H<\/strong><span style=\"color: #000000;\">\u00a0<\/span><span style=\"color: #000000;\">\u00a0\u00a0<\/span><span style=\"color: #000000;\">Comida en Restaurante Climatizado 1\u00ba plato 2\u00ba plato<\/span><span style=\"color: #000000;\">\u00a0\u00a0<\/span><span style=\"color: #000000;\">y postre<\/span><\/li>\n<li><strong style=\"font-family: Calibri;\">15:30 H\u00a0\u00a0\u00a0<\/strong><span style=\"color: #000000;\">Entrega de TROFEOS y cierre de Evento<\/span><\/li>\n<\/ul>\n<p>Informaci\u00f3n obtenida de <a title=\"P\u00e1gina de la pe\u00f1a motera Tribu Pies Sucios\" href=\"http:\/\/www.piesucios.es\/\" target=\"_blank\" rel=\"external nofollow\">su p\u00e1gina web<\/a>.<\/p>\n<p>No lo dudes y acude a pasar un buen rato entre amigos.<\/p>\n<p>Saludos y r\u00e1fagas.<\/p>\n<!-- AddThis Advanced Settings generic via filter on the_content --><!-- AddThis Share Buttons generic via filter on the_content -->","protected":false},"excerpt":{"rendered":"<p>La pe\u00f1a motera &#8220;Tribu Pies Sucios&#8221; de la localidad de Puebla de la Calzada (Badajoz), nos ha organizado su quinceaba concentraci\u00f3n motera, y como ediciones anteriores tendr\u00e1 lugar en su localidad. Est\u00e1 programada para el fin de semana del 8 al 10 de julio, bajo el t\u00edtulo de &#8220;XV Concentraci\u00f3n de Motos Comarca Vegas Bajas&#8221;.<!-- AddThis Advanced Settings generic via filter on get_the_excerpt --><!-- AddThis Share Buttons generic via filter on get_the_excerpt --><\/p>\n","protected":false},"author":49,"featured_media":0,"comment_status":"open","ping_status":"closed","sticky":false,"template":"","format":"standard","meta":[],"categories":[13],"tags":[622,624,723,948],"_links":{"self":[{"href":"https:\/\/blogs.hoy.es\/moterosdehoy\/wp-json\/wp\/v2\/posts\/1960"}],"collection":[{"href":"https:\/\/blogs.hoy.es\/moterosdehoy\/wp-json\/wp\/v2\/posts"}],"about":[{"href":"https:\/\/blogs.hoy.es\/moterosdehoy\/wp-json\/wp\/v2\/types\/post"}],"author":[{"embeddable":true,"href":"https:\/\/blogs.hoy.es\/moterosdehoy\/wp-json\/wp\/v2\/users\/49"}],"replies":[{"embeddable":true,"href":"https:\/\/blogs.hoy.es\/moterosdehoy\/wp-json\/wp\/v2\/comments?post=1960"}],"version-history":[{"count":0,"href":"https:\/\/blogs.hoy.es\/moterosdehoy\/wp-json\/wp\/v2\/posts\/1960\/revisions"}],"wp:attachment":[{"href":"https:\/\/blogs.hoy.es\/moterosdehoy\/wp-json\/wp\/v2\/media?parent=1960"}],"wp:term":[{"taxonomy":"category","embeddable":true,"href":"https:\/\/blogs.hoy.es\/moterosdehoy\/wp-json\/wp\/v2\/categories?post=1960"},{"taxonomy":"post_tag","embeddable":true,"href":"https:\/\/blogs.hoy.es\/moterosdehoy\/wp-json\/wp\/v2\/tags?post=1960"}],"curies":[{"name":"wp","href":"https:\/\/api.w.org\/{rel}","templated":true}]}}