{"id":1970,"date":"2016-07-26T19:34:27","date_gmt":"2016-07-26T19:34:27","guid":{"rendered":"http:\/\/blogs.hoy.es\/moterosdehoy\/?p=1970"},"modified":"2016-07-26T19:34:27","modified_gmt":"2016-07-26T19:34:27","slug":"sin-riders-pasa-por-extremadura","status":"publish","type":"post","link":"https:\/\/blogs.hoy.es\/moterosdehoy\/2016\/07\/26\/sin-riders-pasa-por-extremadura\/","title":{"rendered":"SIN Riders pasa por Extremadura"},"content":{"rendered":"<p>Para los profanos hay que decir que &#8220;<a title=\"P\u00e1gina oficial de SIN Riders\" href=\"http:\/\/www.sinriders.com\/index.html\" target=\"_blank\" rel=\"external nofollow\">SIN Riders<\/a>&#8221; es un grupo formado por seis moteros que tienen como lema una conducci\u00f3n responsable. Recorriendo nuestro pa\u00eds e invitando a cerveza SIN alcohol, como alternativa para los muchos cerveceros.<\/p>\n<div id=\"attachment_1971\" style=\"width: 310px\" class=\"wp-caption alignleft\"><a href=\"\/moterosdehoy\/wp-content\/uploads\/sites\/45\/2016\/07\/sin-rideras.jpg\"><img aria-describedby=\"caption-attachment-1971\" loading=\"lazy\" class=\"size-medium wp-image-1971\" title=\"sin-rideras\" src=\"\/moterosdehoy\/wp-content\/uploads\/sites\/45\/2016\/07\/sin-rideras.jpg\" alt=\"\" width=\"300\" height=\"185\" srcset=\"https:\/\/static-blogs.hoy.es\/wp-content\/uploads\/sites\/45\/2016\/07\/sin-rideras.jpg 679w, https:\/\/static-blogs.hoy.es\/wp-content\/uploads\/sites\/45\/2016\/07\/sin-rideras-300x186.jpg 300w\" sizes=\"(max-width: 300px) 100vw, 300px\" \/><\/a><p id=\"caption-attachment-1971\" class=\"wp-caption-text\">SIN Riders<\/p><\/div>\n<p>La campa\u00f1a tiene el prop\u00f3sito de incentivar el consumo de cerveza sin alcohol para tener una conducci\u00f3n segura, puesto que conducci\u00f3n y alcohol es un binomio que s\u00f3lo puede dar problemas. Si te gusta la cerveza y vas a conducir, consumela sin alcohol, las hay de muchas marcas y de sabores muy diferentes, seguro que encuentras alguna de tu gusto.<!--more--><\/p>\n<p>El pr\u00f3ximo mi\u00e9rcoles d\u00eda <strong>27 de julio<\/strong>, pasar\u00e1n desde T\u00e4rifa hacia Valladolid, donde terminar\u00e1 la gira veraniega, y para ello, realizar\u00e1n una <strong>parada en C\u00e1ceres<\/strong>.<\/p>\n<p>Puesto que la tirada es larga (Tarifa &#8211; C\u00e1ceres) es dif\u00edcil aventurarse en decir su hora de llegada, pero puede ser entorno a las seis y algo de la tarde.<\/p>\n<p>Al tratarse de la ciudad de C\u00e1ceres y encontrarse en la ciudad entre otros un prestigioso grupo motero, como son los famosos &#8220;<a title=\"P\u00e1gina oficial de los Buitres Leonaos\" href=\"http:\/\/buitresleonaos.com\/\" target=\"_blank\" rel=\"external nofollow\">Buitres Leonaos<\/a>&#8221; les estar\u00e1n esperando para acompa\u00f1arlos y adentrarlos en la ciudad, donde seguro que realizar\u00e1n alguna parada en alg\u00fan bar para invitar a cerveza sin alcohol y explicar su proyecto.<\/p>\n<p>El grupo a d\u00eda de hoy se ve compuesto por Ram\u00f3n, Mateo, Diego, Checo, Caipi y Pablo, seis moteros con los que he tenido el gusto de rodar y comprobar que son rudos moteros, y que su proyecto de no consumir alcohol mientras tengas previsto conducir es un gran lema. Una vez llegues a tu destino si lo deseas podr\u00e1s consumir lo que quieras, y tras descansar y te encuentres fresco de nuevo, estar\u00e1s en plena forma para iniciar buenas rutas.<\/p>\n<div id=\"attachment_1972\" style=\"width: 272px\" class=\"wp-caption alignright\"><a href=\"\/moterosdehoy\/wp-content\/uploads\/sites\/45\/2016\/07\/Logo-SIN-Riders.png\"><img aria-describedby=\"caption-attachment-1972\" loading=\"lazy\" class=\"size-medium wp-image-1972\" title=\"Logo SIN Riders\" src=\"\/moterosdehoy\/wp-content\/uploads\/sites\/45\/2016\/07\/Logo-SIN-Riders.png\" alt=\"\" width=\"262\" height=\"300\" srcset=\"https:\/\/static-blogs.hoy.es\/wp-content\/uploads\/sites\/45\/2016\/07\/Logo-SIN-Riders.png 837w, https:\/\/static-blogs.hoy.es\/wp-content\/uploads\/sites\/45\/2016\/07\/Logo-SIN-Riders-263x300.png 263w, https:\/\/static-blogs.hoy.es\/wp-content\/uploads\/sites\/45\/2016\/07\/Logo-SIN-Riders-768x877.png 768w\" sizes=\"(max-width: 262px) 100vw, 262px\" \/><\/a><p id=\"caption-attachment-1972\" class=\"wp-caption-text\">Logo SIN Riders<\/p><\/div>\n<p>Si ten\u00e9is ganas de conocerlos pasaros sobre las seis menos algo por el nido del Buitre, edificio azul de C\u00e1ceres, all\u00ed os podr\u00e9is unir a los Buitres Leonaos y salir al encuentro de los SIN Riders. Una vez en C\u00e1ceres realizar\u00e1n alguna parada para invitar a cerveza sin alcohol.<\/p>\n<p>Para los que teng\u00e1is la oportunidad del fin de semana libre, tener en cuenta que el domingo <a title=\"SIN Riders en Valladolid\" href=\"http:\/\/www.sinriders.com\/registro_valladolid.html\" target=\"_blank\" rel=\"external nofollow\">31 de julio finaliza la gira<\/a>. Ser\u00e1 en Valladolid, donde como todos los domingos realizar\u00e1n una matinal con el concierto de <a title=\"Black Ice Tribute Band\" href=\"http:\/\/blackicetributeband.com\/\" target=\"_blank\" rel=\"external nofollow\">Black Ice Tribute Band<\/a>, una banda tributo de AC\/DC, que es m\u00e1s que digna de escuchar. En el enlace os pod\u00e9is inscribir &#8220;gratis&#8221; y os dar\u00e1n una camiseta de los SIN Riders y dos tiquets de consumici\u00f3n de cerveza sin alcohol y tapas. Todo ello s\u00f3lo por asistir a acompa\u00f1arlos.<\/p>\n<p>Todo un gran proyecto que deber\u00edamos de seguir todos, alcohol y conducci\u00f3n son totalmente incompatibles. Hay que realizar una conducci\u00f3n responsable.<\/p>\n<p>Saludos y r\u00e1fagas.<\/p>\n<p>&nbsp;<\/p>\n<p>&nbsp;<\/p>\n<!-- AddThis Advanced Settings generic via filter on the_content --><!-- AddThis Share Buttons generic via filter on the_content -->","protected":false},"excerpt":{"rendered":"<p>Para los profanos hay que decir que &#8220;SIN Riders&#8221; es un grupo formado por seis moteros que tienen como lema una conducci\u00f3n responsable. Recorriendo nuestro pa\u00eds e invitando a cerveza SIN alcohol, como alternativa para los muchos cerveceros. La campa\u00f1a tiene el prop\u00f3sito de incentivar el consumo de cerveza sin alcohol para tener una conducci\u00f3n [&hellip;]<!-- AddThis Advanced Settings generic via filter on get_the_excerpt --><!-- AddThis Share Buttons generic via filter on get_the_excerpt --><\/p>\n","protected":false},"author":49,"featured_media":0,"comment_status":"open","ping_status":"closed","sticky":false,"template":"","format":"standard","meta":[],"categories":[13],"tags":[120,428,622,624,906],"_links":{"self":[{"href":"https:\/\/blogs.hoy.es\/moterosdehoy\/wp-json\/wp\/v2\/posts\/1970"}],"collection":[{"href":"https:\/\/blogs.hoy.es\/moterosdehoy\/wp-json\/wp\/v2\/posts"}],"about":[{"href":"https:\/\/blogs.hoy.es\/moterosdehoy\/wp-json\/wp\/v2\/types\/post"}],"author":[{"embeddable":true,"href":"https:\/\/blogs.hoy.es\/moterosdehoy\/wp-json\/wp\/v2\/users\/49"}],"replies":[{"embeddable":true,"href":"https:\/\/blogs.hoy.es\/moterosdehoy\/wp-json\/wp\/v2\/comments?post=1970"}],"version-history":[{"count":0,"href":"https:\/\/blogs.hoy.es\/moterosdehoy\/wp-json\/wp\/v2\/posts\/1970\/revisions"}],"wp:attachment":[{"href":"https:\/\/blogs.hoy.es\/moterosdehoy\/wp-json\/wp\/v2\/media?parent=1970"}],"wp:term":[{"taxonomy":"category","embeddable":true,"href":"https:\/\/blogs.hoy.es\/moterosdehoy\/wp-json\/wp\/v2\/categories?post=1970"},{"taxonomy":"post_tag","embeddable":true,"href":"https:\/\/blogs.hoy.es\/moterosdehoy\/wp-json\/wp\/v2\/tags?post=1970"}],"curies":[{"name":"wp","href":"https:\/\/api.w.org\/{rel}","templated":true}]}}