{"id":1973,"date":"2016-08-05T08:38:16","date_gmt":"2016-08-05T08:38:16","guid":{"rendered":"http:\/\/blogs.hoy.es\/moterosdehoy\/?p=1973"},"modified":"2016-08-05T08:38:16","modified_gmt":"2016-08-05T08:38:16","slug":"viii-concentracion-motera-en-almaraz-caceres","status":"publish","type":"post","link":"https:\/\/blogs.hoy.es\/moterosdehoy\/2016\/08\/05\/viii-concentracion-motera-en-almaraz-caceres\/","title":{"rendered":"VIII Concentraci\u00f3n motera en Almaraz (C\u00e1ceres)"},"content":{"rendered":"<p>Nos encontramos en agosto un mes algo complicado para todo, salvo para estar de vacaciones. Las calles se encuentran medio vac\u00edas y hay muchos negocios cerrados, pero el mundo de las motos sigue rodando y desde Almaraz nos traen su octava concentraci\u00f3n.<\/p>\n<p><a href=\"\/moterosdehoy\/wp-content\/uploads\/sites\/45\/2016\/08\/2016-08-Almaraz.jpg\"><img loading=\"lazy\" class=\"alignleft size-medium wp-image-1974\" title=\"2016-08 Almaraz\" src=\"\/moterosdehoy\/wp-content\/uploads\/sites\/45\/2016\/08\/2016-08-Almaraz.jpg\" alt=\"\" width=\"214\" height=\"300\" srcset=\"https:\/\/static-blogs.hoy.es\/wp-content\/uploads\/sites\/45\/2016\/08\/2016-08-Almaraz.jpg 685w, https:\/\/static-blogs.hoy.es\/wp-content\/uploads\/sites\/45\/2016\/08\/2016-08-Almaraz-214x300.jpg 214w\" sizes=\"(max-width: 214px) 100vw, 214px\" \/><\/a>El motoclub moteros de <strong>Almaraz<\/strong> nos ha preparado su VIII Concentracion de Motos, que tendr\u00e1 lugar<strong> del 5 al 7 de agosto<\/strong> y por supuesto en su localidad., con el mismo precio de ediciones anteriores, 35 euros para todo el fin de semana.<!--more--><\/p>\n<p>El viernes 5 comenzar\u00e1n con la apertura de inscripciones y acampada a las 18.00H. Con\u00a0m\u00fasica y ambiente motero mientras esperan la llegada.<\/p>\n<p>Sobre las 00.00 h, comenzara el concierto de Deltoya, Tributo Extremoduros y al finalizar continuar\u00e1 Fiesta Dj.<\/p>\n<p>El sabado 6 seguir\u00e1n con inscripciones, despu\u00e9s habr\u00e1 una ruta de ca\u00f1as, que acabar\u00e1 en en la carpa de la concentraci\u00f3n con m\u00e1s ca\u00f1as y aperitivos.<\/p>\n<p>Durante la tarde estar\u00e1 el concierto de &#8220;Los Ramoninos&#8221;, un grupo de chicos muy j\u00f3venes que en el escenario lo dan todo.<\/p>\n<p>Si el tiempo lo permite habr\u00e1 juegos moteros en la tarde para despu\u00e9s ir a cenar.<\/p>\n<p>Despu\u00e9s de la cena RUTA DE LAS ANTORCHAS y espect\u00e1culo Stunt de SARAH LEZITO, seguido de la actuaci\u00f3n de\u00a0Triboo Pop, durante su actuaci\u00f3n sortear\u00e1n una MOTO y finalizar\u00e1 con Fiesta Dj.<\/p>\n<p>El domingo 7 har\u00e1n una Ruta por la zona e ir\u00e1n a tomar ca\u00f1as y aperitivos a la carpa de la concentraci\u00f3n hasta que se suba al restaurante para la comida de Clausura, donde se realizar\u00e1 la entrega de regalos y premios a los inscritos.<\/p>\n<p>La concentraci\u00f3n de Almaraz tiene muy buena aceptaci\u00f3n y seguro que ser\u00e1 un gran fin de semana de fiesta motera. Al encontrarse justo a mitad de camino entre Madrid y Badajoz son muchos los moteros de ambos puntos que aprovechan para reunirse, aunque est\u00e1 claro que de donde m\u00e1s se desplazan en de C\u00e1ceres y alrededores.<\/p>\n<p>En el propio cartel de la concentraci\u00f3n est\u00e1 detallado el programa de cada d\u00eda y tel\u00e9fono de contacto por si necesitas m\u00e1s datos. Toda la informaci\u00f3n ha sido obtenida del <a title=\"Acceso al evento en facebook\" href=\"https:\/\/www.facebook.com\/events\/1741989012682810\/\" target=\"_blank\" rel=\"external nofollow\">evento creado en facebook<\/a>.<\/p>\n<p>Saludos y r\u00e1fagas.<\/p>\n<!-- AddThis Advanced Settings generic via filter on the_content --><!-- AddThis Share Buttons generic via filter on the_content -->","protected":false},"excerpt":{"rendered":"<p>Nos encontramos en agosto un mes algo complicado para todo, salvo para estar de vacaciones. Las calles se encuentran medio vac\u00edas y hay muchos negocios cerrados, pero el mundo de las motos sigue rodando y desde Almaraz nos traen su octava concentraci\u00f3n. El motoclub moteros de Almaraz nos ha preparado su VIII Concentracion de Motos, [&hellip;]<!-- AddThis Advanced Settings generic via filter on get_the_excerpt --><!-- AddThis Share Buttons generic via filter on get_the_excerpt --><\/p>\n","protected":false},"author":49,"featured_media":0,"comment_status":"open","ping_status":"closed","sticky":false,"template":"","format":"standard","meta":[],"categories":[13],"tags":[51,622,624,654],"_links":{"self":[{"href":"https:\/\/blogs.hoy.es\/moterosdehoy\/wp-json\/wp\/v2\/posts\/1973"}],"collection":[{"href":"https:\/\/blogs.hoy.es\/moterosdehoy\/wp-json\/wp\/v2\/posts"}],"about":[{"href":"https:\/\/blogs.hoy.es\/moterosdehoy\/wp-json\/wp\/v2\/types\/post"}],"author":[{"embeddable":true,"href":"https:\/\/blogs.hoy.es\/moterosdehoy\/wp-json\/wp\/v2\/users\/49"}],"replies":[{"embeddable":true,"href":"https:\/\/blogs.hoy.es\/moterosdehoy\/wp-json\/wp\/v2\/comments?post=1973"}],"version-history":[{"count":0,"href":"https:\/\/blogs.hoy.es\/moterosdehoy\/wp-json\/wp\/v2\/posts\/1973\/revisions"}],"wp:attachment":[{"href":"https:\/\/blogs.hoy.es\/moterosdehoy\/wp-json\/wp\/v2\/media?parent=1973"}],"wp:term":[{"taxonomy":"category","embeddable":true,"href":"https:\/\/blogs.hoy.es\/moterosdehoy\/wp-json\/wp\/v2\/categories?post=1973"},{"taxonomy":"post_tag","embeddable":true,"href":"https:\/\/blogs.hoy.es\/moterosdehoy\/wp-json\/wp\/v2\/tags?post=1973"}],"curies":[{"name":"wp","href":"https:\/\/api.w.org\/{rel}","templated":true}]}}