{"id":1976,"date":"2016-08-09T08:25:36","date_gmt":"2016-08-09T08:25:36","guid":{"rendered":"http:\/\/blogs.hoy.es\/moterosdehoy\/?p=1976"},"modified":"2016-08-09T08:25:36","modified_gmt":"2016-08-09T08:25:36","slug":"ruta-fresquita-por-badajoz","status":"publish","type":"post","link":"https:\/\/blogs.hoy.es\/moterosdehoy\/2016\/08\/09\/ruta-fresquita-por-badajoz\/","title":{"rendered":"Ruta fresquita por Badajoz"},"content":{"rendered":"<p>Con los term\u00f3metros rondando los 40\u00ba es dif\u00edcil que el t\u00edtulo pueda hacerse realidad, pero por lo menos lo intentaremos.<\/p>\n<p><a href=\"\/moterosdehoy\/wp-content\/uploads\/sites\/45\/2016\/08\/Logo-Moteros-de-Hoy.jpg\"><img loading=\"lazy\" class=\"alignleft size-medium wp-image-1977\" title=\"Logo Moteros de Hoy\" src=\"\/moterosdehoy\/wp-content\/uploads\/sites\/45\/2016\/08\/Logo-Moteros-de-Hoy.jpg\" alt=\"\" width=\"300\" height=\"179\" srcset=\"https:\/\/static-blogs.hoy.es\/wp-content\/uploads\/sites\/45\/2016\/08\/Logo-Moteros-de-Hoy.jpg 3544w, https:\/\/static-blogs.hoy.es\/wp-content\/uploads\/sites\/45\/2016\/08\/Logo-Moteros-de-Hoy-300x180.jpg 300w, https:\/\/static-blogs.hoy.es\/wp-content\/uploads\/sites\/45\/2016\/08\/Logo-Moteros-de-Hoy-768x461.jpg 768w, https:\/\/static-blogs.hoy.es\/wp-content\/uploads\/sites\/45\/2016\/08\/Logo-Moteros-de-Hoy-1024x614.jpg 1024w\" sizes=\"(max-width: 300px) 100vw, 300px\" \/><\/a>El Club Moteros de Hoy ha organizado una ruta corta y fresquita para el <strong>domingo 14 de agosto<\/strong>. El punto de reuni\u00f3n ser\u00e1 a las <strong>09:30h<\/strong> en la sede, cuyo nombre cambi\u00f3 hace poco &#8220;La Guarida del Lobo&#8221;, antiguo Ruta 3.24, C\/ Joaqu\u00edn S\u00e1nchez Valverde (Pol\u00edgono de El Nevero) Badajoz.<!--more--><\/p>\n<p>A las 09:45h salida de ruta hacia Puebla de la Calzada, donde realizaremos una parada para desayunar y continuar la marcha hacia La Roca de la Sierra, para pasar por la Presa Pe\u00f1a del \u00c1guila, all\u00ed parada para fotos y cigarrito. Reanudando la marcha para volver a Badajoz, donde tendremos comida y piscina en Venta El Rocio.<\/p>\n<p>La idea es llegar no mucho despu\u00e9s de las doce del medio d\u00eda a la piscina para tener un buen chapuz\u00f3n y refrescarnos. Por lo que no olvides llevar ba\u00f1ador, toalla y chanclas, lo de las chanclas es importante, pues en el c\u00e9sped de la piscina hay algunas hiervitas que pinchan.<\/p>\n<p>La comida ser\u00e1 econ\u00f3mica a base de raciones para compartir y gazpacho fresquito, el que est\u00e9 interesado que contacte para reservar. Telf de la organizaci\u00f3n 670 878 412 (Tony)<\/p>\n<p>Saludos y r\u00e1fagas.<\/p>\n<!-- AddThis Advanced Settings generic via filter on the_content --><!-- AddThis Share Buttons generic via filter on the_content -->","protected":false},"excerpt":{"rendered":"<p>Con los term\u00f3metros rondando los 40\u00ba es dif\u00edcil que el t\u00edtulo pueda hacerse realidad, pero por lo menos lo intentaremos. El Club Moteros de Hoy ha organizado una ruta corta y fresquita para el domingo 14 de agosto. El punto de reuni\u00f3n ser\u00e1 a las 09:30h en la sede, cuyo nombre cambi\u00f3 hace poco &#8220;La [&hellip;]<!-- AddThis Advanced Settings generic via filter on get_the_excerpt --><!-- AddThis Share Buttons generic via filter on get_the_excerpt --><\/p>\n","protected":false},"author":49,"featured_media":0,"comment_status":"open","ping_status":"closed","sticky":false,"template":"","format":"standard","meta":[],"categories":[11,13],"tags":[612,622,723,873],"_links":{"self":[{"href":"https:\/\/blogs.hoy.es\/moterosdehoy\/wp-json\/wp\/v2\/posts\/1976"}],"collection":[{"href":"https:\/\/blogs.hoy.es\/moterosdehoy\/wp-json\/wp\/v2\/posts"}],"about":[{"href":"https:\/\/blogs.hoy.es\/moterosdehoy\/wp-json\/wp\/v2\/types\/post"}],"author":[{"embeddable":true,"href":"https:\/\/blogs.hoy.es\/moterosdehoy\/wp-json\/wp\/v2\/users\/49"}],"replies":[{"embeddable":true,"href":"https:\/\/blogs.hoy.es\/moterosdehoy\/wp-json\/wp\/v2\/comments?post=1976"}],"version-history":[{"count":0,"href":"https:\/\/blogs.hoy.es\/moterosdehoy\/wp-json\/wp\/v2\/posts\/1976\/revisions"}],"wp:attachment":[{"href":"https:\/\/blogs.hoy.es\/moterosdehoy\/wp-json\/wp\/v2\/media?parent=1976"}],"wp:term":[{"taxonomy":"category","embeddable":true,"href":"https:\/\/blogs.hoy.es\/moterosdehoy\/wp-json\/wp\/v2\/categories?post=1976"},{"taxonomy":"post_tag","embeddable":true,"href":"https:\/\/blogs.hoy.es\/moterosdehoy\/wp-json\/wp\/v2\/tags?post=1976"}],"curies":[{"name":"wp","href":"https:\/\/api.w.org\/{rel}","templated":true}]}}