{"id":1978,"date":"2016-08-19T10:35:40","date_gmt":"2016-08-19T10:35:40","guid":{"rendered":"http:\/\/blogs.hoy.es\/moterosdehoy\/?p=1978"},"modified":"2016-08-19T10:35:40","modified_gmt":"2016-08-19T10:35:40","slug":"gois-celebra-su-23a-concentracion-motera","status":"publish","type":"post","link":"https:\/\/blogs.hoy.es\/moterosdehoy\/2016\/08\/19\/gois-celebra-su-23a-concentracion-motera\/","title":{"rendered":"G\u00f3is celebra su 23\u00aa concentraci\u00f3n motera"},"content":{"rendered":"<p>Nos encontramos en pleno agosto y entre la calor, y las vacaciones, el personal motero anda un poco desperdigado. En Extremadura en \u00e9ste fin de semana no hay ninguna concentraci\u00f3n motera, o al menos ninguna que se haya publicado.<\/p>\n<p><a href=\"\/moterosdehoy\/wp-content\/uploads\/sites\/45\/2016\/08\/2016-08-Gois.jpg\"><img loading=\"lazy\" class=\"alignleft size-medium wp-image-1979\" title=\"2016-08 Gois\" src=\"\/moterosdehoy\/wp-content\/uploads\/sites\/45\/2016\/08\/2016-08-Gois.jpg\" alt=\"\" width=\"204\" height=\"300\" srcset=\"https:\/\/static-blogs.hoy.es\/wp-content\/uploads\/sites\/45\/2016\/08\/2016-08-Gois.jpg 237w, https:\/\/static-blogs.hoy.es\/wp-content\/uploads\/sites\/45\/2016\/08\/2016-08-Gois-205x300.jpg 205w\" sizes=\"(max-width: 204px) 100vw, 204px\" \/><\/a>Pero concentraciones moteras hay siempre, m\u00e1s o menos cerca, pr\u00f3ximos a Extremadura tenemos la <a title=\"XIX Reuni\u00f3n Custom Socu\u00e9llamos\" href=\"https:\/\/www.facebook.com\/1643899029189109\/photos\/a.1674633246115687.1073741829.1643899029189109\/1774154426163568\/?type=3&#038;theater\" target=\"_blank\" rel=\"external nofollow\">XIX Reuni\u00f3n Custom<\/a>, en Socu\u00e9llamos, Ciudad Real, organizada por el &#8220;Mancha, Custom Club&#8221;. Aunque un poco retirado para ir a pasar el d\u00eda, casi quinientos kil\u00f3metros desde Badajoz y m\u00e1s de cuatrocientos desde C\u00e1ceres, al ser una concentraci\u00f3n de fin de semana lo suyo es ir y acampar en ella.<!--more--><\/p>\n<p>Tambi\u00e9n est\u00e1 disponible la famosa &#8220;<a title=\"G\u00f3is en wikipedia\" href=\"https:\/\/es.wikipedia.org\/wiki\/G%C3%B3is\" target=\"_blank\" rel=\"external nofollow\">GOIS<\/a>&#8220;. G\u00f3is es una peque\u00f1a localidad portuguesa que se encuentra hacia el interior en el Distrito de Coimbra, la localidad tan solo tiene censados 2.300 habitantes, y entre los d\u00edas 18 y 21 de agosto aparecer\u00e1n miles de moteros por la zona.<\/p>\n<p>La <a title=\"23\u00aa Concentraci\u00f3n Internacional de G\u00f3is\" href=\"https:\/\/www.facebook.com\/events\/471194413005429\/\" target=\"_blank\" rel=\"external nofollow\">Concentraci\u00f3n Internacional de G\u00f3is<\/a> ya va por su 23\u00aa edici\u00f3n y algunos hablan de tratarse de la segunda mejor concentraci\u00f3n de todo Portugal, otros incluso les gusta m\u00e1s que la de Faro. En G\u00f3is hay un ambiente m\u00e1s familiar, hay muchas familias que lo ponen como destino de sus vacaciones y se presentan con los hijos para pasar el fin de semana.<\/p>\n<p>El lugar de la concentraci\u00f3n es un Parque Natural, con su gran pinar, su r\u00edo, el cual cruza la concentraci\u00f3n motera y en el que te puedes ba\u00f1ar, su terreno cubierto de hierva, sus preciosos paisajes, las interminables curvas del entorno antes de llegar al punto de la concentraci\u00f3n, la atm\u00f3sfera motera con numerosos clubes de muchos pa\u00edses, conciertos, fiesta, motos, gasolina, cuero, cadenas, cerveza, respeto, libertad. \u00bfQu\u00e9 m\u00e1s se puede pedir?<\/p>\n<p>G\u00f3is se encuenta a unos 225 kil\u00f3metros de Badajoz y a unos 265 km de C\u00e1ceres, por lo que ser\u00e1n muchos Extreme\u00f1os los que se decidan a pasar el fin de semana por all\u00ed, que con una inscripci\u00f3n de 25\u20ac te dar\u00e1n una bolsa de bienvenida con camiseta oficial de la concentraci\u00f3n, un parche para tu cazadora, y disposici\u00f3n de acampar dentro del recinto, adem\u00e1s de acceso a todas las actividades que realicen, sobre todo conciertos de conocidos Dj&#8217;s de Portugal.<\/p>\n<p>Saludos y r\u00e1fagas.<\/p>\n<!-- AddThis Advanced Settings generic via filter on the_content --><!-- AddThis Share Buttons generic via filter on the_content -->","protected":false},"excerpt":{"rendered":"<p>Nos encontramos en pleno agosto y entre la calor, y las vacaciones, el personal motero anda un poco desperdigado. En Extremadura en \u00e9ste fin de semana no hay ninguna concentraci\u00f3n motera, o al menos ninguna que se haya publicado. Pero concentraciones moteras hay siempre, m\u00e1s o menos cerca, pr\u00f3ximos a Extremadura tenemos la XIX Reuni\u00f3n [&hellip;]<!-- AddThis Advanced Settings generic via filter on get_the_excerpt --><!-- AddThis Share Buttons generic via filter on get_the_excerpt --><\/p>\n","protected":false},"author":49,"featured_media":0,"comment_status":"open","ping_status":"closed","sticky":false,"template":"","format":"standard","meta":[],"categories":[13],"tags":[431,432,586,622,664,907,1001],"_links":{"self":[{"href":"https:\/\/blogs.hoy.es\/moterosdehoy\/wp-json\/wp\/v2\/posts\/1978"}],"collection":[{"href":"https:\/\/blogs.hoy.es\/moterosdehoy\/wp-json\/wp\/v2\/posts"}],"about":[{"href":"https:\/\/blogs.hoy.es\/moterosdehoy\/wp-json\/wp\/v2\/types\/post"}],"author":[{"embeddable":true,"href":"https:\/\/blogs.hoy.es\/moterosdehoy\/wp-json\/wp\/v2\/users\/49"}],"replies":[{"embeddable":true,"href":"https:\/\/blogs.hoy.es\/moterosdehoy\/wp-json\/wp\/v2\/comments?post=1978"}],"version-history":[{"count":0,"href":"https:\/\/blogs.hoy.es\/moterosdehoy\/wp-json\/wp\/v2\/posts\/1978\/revisions"}],"wp:attachment":[{"href":"https:\/\/blogs.hoy.es\/moterosdehoy\/wp-json\/wp\/v2\/media?parent=1978"}],"wp:term":[{"taxonomy":"category","embeddable":true,"href":"https:\/\/blogs.hoy.es\/moterosdehoy\/wp-json\/wp\/v2\/categories?post=1978"},{"taxonomy":"post_tag","embeddable":true,"href":"https:\/\/blogs.hoy.es\/moterosdehoy\/wp-json\/wp\/v2\/tags?post=1978"}],"curies":[{"name":"wp","href":"https:\/\/api.w.org\/{rel}","templated":true}]}}