{"id":1980,"date":"2016-08-26T18:56:55","date_gmt":"2016-08-26T18:56:55","guid":{"rendered":"http:\/\/blogs.hoy.es\/moterosdehoy\/?p=1980"},"modified":"2016-08-26T18:56:55","modified_gmt":"2016-08-26T18:56:55","slug":"concentracion-motera-en-valdivia","status":"publish","type":"post","link":"https:\/\/blogs.hoy.es\/moterosdehoy\/2016\/08\/26\/concentracion-motera-en-valdivia\/","title":{"rendered":"Concentraci\u00f3n motera en Valdivia"},"content":{"rendered":"<p>La Pe\u00f1a Motera \u201cLos Lagartos\u201d de la localidad de\u00a0<a title=\"Valdivia en wikipedia\" href=\"https:\/\/es.wikipedia.org\/wiki\/Valdivia_(Badajoz)\" target=\"_blank\" rel=\"external nofollow\">Valdivia<\/a>\u00a0(Badajoz) nos trae su octava concentraci\u00f3n motera, con el nombre de \u201cVIII Concentraci\u00f3n El Colono\u201d.<\/p>\n<p><a href=\"\/moterosdehoy\/wp-content\/uploads\/sites\/45\/2016\/08\/2016-08-Valdivia.jpg\"><img loading=\"lazy\" class=\"alignleft size-medium wp-image-1981\" title=\"2016-08 Valdivia\" src=\"\/moterosdehoy\/wp-content\/uploads\/sites\/45\/2016\/08\/2016-08-Valdivia.jpg\" alt=\"\" width=\"246\" height=\"300\" srcset=\"https:\/\/static-blogs.hoy.es\/wp-content\/uploads\/sites\/45\/2016\/08\/2016-08-Valdivia.jpg 1316w, https:\/\/static-blogs.hoy.es\/wp-content\/uploads\/sites\/45\/2016\/08\/2016-08-Valdivia-247x300.jpg 247w, https:\/\/static-blogs.hoy.es\/wp-content\/uploads\/sites\/45\/2016\/08\/2016-08-Valdivia-768x934.jpg 768w, https:\/\/static-blogs.hoy.es\/wp-content\/uploads\/sites\/45\/2016\/08\/2016-08-Valdivia-842x1024.jpg 842w\" sizes=\"(max-width: 246px) 100vw, 246px\" \/><\/a>Tendr\u00e1 lugar como en ediciones anteriores en su localidad y para \u00e9sta ocasi\u00f3n transcurrir\u00e1 durante el fin de semana del\u00a0<strong>27 al 28 de agosto<\/strong>\u00a02016.<!--more--><\/p>\n<p>Habr\u00e1 m\u00fasica, actuaciones y todo lo necesario para que sea un fin de semana motero, con tiendas de mercader\u00eda motera, barbacoa, zona de acampada, sorteos, regalos\u2026<\/p>\n<p>Durante el mediod\u00eda del s\u00e1bado, habr\u00e1 tapeo gratis, y durante la noche procesi\u00f3n motera con antorchas por la localidad.<\/p>\n<p>El domingo desayuno, comida y sorteos.<\/p>\n<p>Saludos y r\u00e1fagas.<\/p>\n<!-- AddThis Advanced Settings generic via filter on the_content --><!-- AddThis Share Buttons generic via filter on the_content -->","protected":false},"excerpt":{"rendered":"<p>La Pe\u00f1a Motera \u201cLos Lagartos\u201d de la localidad de\u00a0Valdivia\u00a0(Badajoz) nos trae su octava concentraci\u00f3n motera, con el nombre de \u201cVIII Concentraci\u00f3n El Colono\u201d. Tendr\u00e1 lugar como en ediciones anteriores en su localidad y para \u00e9sta ocasi\u00f3n transcurrir\u00e1 durante el fin de semana del\u00a027 al 28 de agosto\u00a02016.<!-- AddThis Advanced Settings generic via filter on get_the_excerpt --><!-- AddThis Share Buttons generic via filter on get_the_excerpt --><\/p>\n","protected":false},"author":49,"featured_media":0,"comment_status":"open","ping_status":"closed","sticky":false,"template":"","format":"standard","meta":[],"categories":[13],"tags":[622,624,767,981],"_links":{"self":[{"href":"https:\/\/blogs.hoy.es\/moterosdehoy\/wp-json\/wp\/v2\/posts\/1980"}],"collection":[{"href":"https:\/\/blogs.hoy.es\/moterosdehoy\/wp-json\/wp\/v2\/posts"}],"about":[{"href":"https:\/\/blogs.hoy.es\/moterosdehoy\/wp-json\/wp\/v2\/types\/post"}],"author":[{"embeddable":true,"href":"https:\/\/blogs.hoy.es\/moterosdehoy\/wp-json\/wp\/v2\/users\/49"}],"replies":[{"embeddable":true,"href":"https:\/\/blogs.hoy.es\/moterosdehoy\/wp-json\/wp\/v2\/comments?post=1980"}],"version-history":[{"count":0,"href":"https:\/\/blogs.hoy.es\/moterosdehoy\/wp-json\/wp\/v2\/posts\/1980\/revisions"}],"wp:attachment":[{"href":"https:\/\/blogs.hoy.es\/moterosdehoy\/wp-json\/wp\/v2\/media?parent=1980"}],"wp:term":[{"taxonomy":"category","embeddable":true,"href":"https:\/\/blogs.hoy.es\/moterosdehoy\/wp-json\/wp\/v2\/categories?post=1980"},{"taxonomy":"post_tag","embeddable":true,"href":"https:\/\/blogs.hoy.es\/moterosdehoy\/wp-json\/wp\/v2\/tags?post=1980"}],"curies":[{"name":"wp","href":"https:\/\/api.w.org\/{rel}","templated":true}]}}