{"id":1983,"date":"2016-08-31T17:07:51","date_gmt":"2016-08-31T17:07:51","guid":{"rendered":"http:\/\/blogs.hoy.es\/moterosdehoy\/?p=1983"},"modified":"2016-08-31T17:07:51","modified_gmt":"2016-08-31T17:07:51","slug":"concentracion-motera-en-coria","status":"publish","type":"post","link":"https:\/\/blogs.hoy.es\/moterosdehoy\/2016\/08\/31\/concentracion-motera-en-coria\/","title":{"rendered":"Concentraci\u00f3n motera en Coria"},"content":{"rendered":"<p>Durante el primer fin de semana de septiembre, Coria se llenar\u00e1 de moteros procedentes de diferentes puntos de la geograf\u00eda espa\u00f1ola y de nuestra comunidad aut\u00f3noma.<\/p>\n<p><a href=\"\/moterosdehoy\/wp-content\/uploads\/sites\/45\/2016\/08\/2016-09-Coria.jpg\"><img loading=\"lazy\" class=\"alignleft size-medium wp-image-1984\" title=\"2016-09 Coria\" src=\"\/moterosdehoy\/wp-content\/uploads\/sites\/45\/2016\/08\/2016-09-Coria.jpg\" alt=\"\" width=\"213\" height=\"300\" srcset=\"https:\/\/static-blogs.hoy.es\/wp-content\/uploads\/sites\/45\/2016\/08\/2016-09-Coria.jpg 310w, https:\/\/static-blogs.hoy.es\/wp-content\/uploads\/sites\/45\/2016\/08\/2016-09-Coria-213x300.jpg 213w\" sizes=\"(max-width: 213px) 100vw, 213px\" \/><\/a>La Pe\u00f1a Motera Esperando en colaboraci\u00f3n con el Ayuntamiento de la localidad organizan su XIV Concentraci\u00f3n de motos que se celebrar\u00e1 entre los d\u00edas <strong>2, 3 y 4 de septiembre, en Coria (C\u00e1ceres)<\/strong><\/p>\n<p>Para ello tienen un amplio programa con eventos musicales, gastron\u00f3micos y tur\u00edsticos donde no pueden faltar las rutas en moto por los maravillosos parajes que ofrece la comarca.<!--more--><\/p>\n<p>El programa comenzar\u00e1 el viernes, d\u00eda 2 de septiembre, a las 19.00 horas con la apertura de las inscripciones en la Plaza de San Pedro, a las 23.00 horas los asistentes podr\u00e1n disfrutar de la m\u00fasica de los a\u00f1os 80 y 90, con el grupo musical Los Cassetes y a partir de la medianoche actuaci\u00f3n de Djs.<\/p>\n<p>El s\u00e1bado, d\u00eda 3 se realizar\u00e1 una ruta motera que saldr\u00e1 desde Coria y visitar\u00e1n la localidad de Guijo de Coria y Hu\u00e9laga, al finalizar la ruta todos los asistentes podr\u00e1n degustar una gran paellada en la Plaza de San Pedro por gentileza de los hosteleros de la zona. Ya por la tarde, a las 18.00 horas, habr\u00e1 juegos moteros para todos los inscritos, al finalizar \u00e9stos, se realizar\u00e1 una ruta bar\u00edtima por los bares colaboradores. Finaliza la jornada con una cena de convivencia y concierto con el Koala y el grupo local Dh\u00e9bar-Band, en la Plaza de San Pedro.<\/p>\n<p>El domingo, d\u00eda 4 de septiembre tambi\u00e9n habr\u00e1 diferentes actividades. A las 11.00 horas se realizar\u00e1 una ruta tur\u00edstica por las localidades aleda\u00f1as, comenzar\u00e1n en Torrejoncillo viajando despu\u00e9s a Holguera, Puente de la Mazagona, Galisteo, Aldehuela, Carcaboso, Montehermoso, Morcillo y vuelta a Coria. Finaliza el domingo con una comida en Restaurante Montesol, con sorteo de regalos para los moteros inscritos y trofeos para los ganadores de los juegos celebrados durante el fin de semana.<\/p>\n<p>Todo un fin de semana motero en el que disfrutar\u00e1s a lo grande.<\/p>\n<p>Informaci\u00f3n obtenida de la p\u00e1gina web del <a title=\"Correo Ayuntamiento de Coria\" href=\"http:\/\/www.coria.org\/a2012\/index.asp\" target=\"_blank\" rel=\"external nofollow\">Ayuntamiento de Coria<\/a>, donde puedes consultar alguna duda.<\/p>\n<p>Para ver <a title=\"Eventos moteros de Septiembre 2016\" href=\"http:\/\/www.moterosdehoy.es\/2016\/08\/27\/concentraciones-y-kdds-moteras-septiembre-2016\/\" target=\"_blank\" rel=\"external nofollow\">otros eventos del mes clic aqu\u00ed<\/a>.<\/p>\n<p>Saludos y r\u00e1fagas.<\/p>\n<!-- AddThis Advanced Settings generic via filter on the_content --><!-- AddThis Share Buttons generic via filter on the_content -->","protected":false},"excerpt":{"rendered":"<p>Durante el primer fin de semana de septiembre, Coria se llenar\u00e1 de moteros procedentes de diferentes puntos de la geograf\u00eda espa\u00f1ola y de nuestra comunidad aut\u00f3noma. La Pe\u00f1a Motera Esperando en colaboraci\u00f3n con el Ayuntamiento de la localidad organizan su XIV Concentraci\u00f3n de motos que se celebrar\u00e1 entre los d\u00edas 2, 3 y 4 de [&hellip;]<!-- AddThis Advanced Settings generic via filter on get_the_excerpt --><!-- AddThis Share Buttons generic via filter on get_the_excerpt --><\/p>\n","protected":false},"author":49,"featured_media":0,"comment_status":"open","ping_status":"closed","sticky":false,"template":"","format":"standard","meta":[],"categories":[13],"tags":[314,622,624,696,723,763],"_links":{"self":[{"href":"https:\/\/blogs.hoy.es\/moterosdehoy\/wp-json\/wp\/v2\/posts\/1983"}],"collection":[{"href":"https:\/\/blogs.hoy.es\/moterosdehoy\/wp-json\/wp\/v2\/posts"}],"about":[{"href":"https:\/\/blogs.hoy.es\/moterosdehoy\/wp-json\/wp\/v2\/types\/post"}],"author":[{"embeddable":true,"href":"https:\/\/blogs.hoy.es\/moterosdehoy\/wp-json\/wp\/v2\/users\/49"}],"replies":[{"embeddable":true,"href":"https:\/\/blogs.hoy.es\/moterosdehoy\/wp-json\/wp\/v2\/comments?post=1983"}],"version-history":[{"count":0,"href":"https:\/\/blogs.hoy.es\/moterosdehoy\/wp-json\/wp\/v2\/posts\/1983\/revisions"}],"wp:attachment":[{"href":"https:\/\/blogs.hoy.es\/moterosdehoy\/wp-json\/wp\/v2\/media?parent=1983"}],"wp:term":[{"taxonomy":"category","embeddable":true,"href":"https:\/\/blogs.hoy.es\/moterosdehoy\/wp-json\/wp\/v2\/categories?post=1983"},{"taxonomy":"post_tag","embeddable":true,"href":"https:\/\/blogs.hoy.es\/moterosdehoy\/wp-json\/wp\/v2\/tags?post=1983"}],"curies":[{"name":"wp","href":"https:\/\/api.w.org\/{rel}","templated":true}]}}