{"id":1985,"date":"2016-09-02T17:09:15","date_gmt":"2016-09-02T17:09:15","guid":{"rendered":"http:\/\/blogs.hoy.es\/moterosdehoy\/?p=1985"},"modified":"2016-09-02T17:09:15","modified_gmt":"2016-09-02T17:09:15","slug":"concentracion-motera-en-villanueva-de-la-serena-ba","status":"publish","type":"post","link":"https:\/\/blogs.hoy.es\/moterosdehoy\/2016\/09\/02\/concentracion-motera-en-villanueva-de-la-serena-ba\/","title":{"rendered":"Concentraci\u00f3n motera en Villanueva de la Serena (BA)"},"content":{"rendered":"<p>El domingo d\u00eda <strong>4 de septiembre<\/strong> amigos de las motos de la localidad de <strong><a title=\"Villanueva de la Serena en wikipedia\" href=\"https:\/\/es.wikipedia.org\/wiki\/Villanueva_de_la_Serena\" target=\"_blank\" rel=\"external nofollow\">Villanueva de la Serena<\/a><\/strong> (Badajoz), nos has preparado su VII Fiesta Motera.<\/p>\n<p><a href=\"\/moterosdehoy\/wp-content\/uploads\/sites\/45\/2016\/09\/2016-09-Villanueva-de-la-Serena.jpg\"><img loading=\"lazy\" class=\"alignleft size-medium wp-image-1986\" title=\"2016-09 Villanueva de la Serena\" src=\"\/moterosdehoy\/wp-content\/uploads\/sites\/45\/2016\/09\/2016-09-Villanueva-de-la-Serena.jpg\" alt=\"\" width=\"185\" height=\"300\" srcset=\"https:\/\/static-blogs.hoy.es\/wp-content\/uploads\/sites\/45\/2016\/09\/2016-09-Villanueva-de-la-Serena.jpg 230w, https:\/\/static-blogs.hoy.es\/wp-content\/uploads\/sites\/45\/2016\/09\/2016-09-Villanueva-de-la-Serena-185x300.jpg 185w\" sizes=\"(max-width: 185px) 100vw, 185px\" \/><\/a>Dentro del programa tienen prevista una ruta por la comarca y un gran n\u00famero de regalos, pues llevan mucho tiempo buscando colaboradores y han conseguido mucha implicaci\u00f3n. Hay m\u00e1s de 3.000 euros en premios, adem\u00e1s se sortear\u00e1 una motocicleta &#8220;Pit Bike 125cc&#8221;.<!--more--><\/p>\n<p>Para acceder a los sorteos deber\u00e1s inscribirte, pudiendo hacerlo la misma ma\u00f1ana hasta las 10:30 h en la Plaza de Espa\u00f1a, de Villanueva de la Serena, momento en el que se cerrar\u00e1n inscripciones y se preparar\u00e1 la salida de la ruta. Habr\u00e1 camiseta conmemorativa para los primeros 100 inscritos.<\/p>\n<p>A las 11:00 h, salida de ruta hacia &#8220;El Valle&#8221; y &#8220;Los Pantanos&#8221;, uniendo las dos rutas m\u00e1s realizadas de la zona.<\/p>\n<p>A las 12:00 h, parada en el Hostal La Perla, de Zalamea de la Serena, continuando la ruta para finalizar de nuevo en el punto de partida, donde tendr\u00e1 lugar la comida, la entrega de premios y los sorteos.<\/p>\n<p>En definitiva una buena fiesta para pasar un buen domingo motero.<\/p>\n<p>Saludos y r\u00e1fagas.<\/p>\n<!-- AddThis Advanced Settings generic via filter on the_content --><!-- AddThis Share Buttons generic via filter on the_content -->","protected":false},"excerpt":{"rendered":"<p>El domingo d\u00eda 4 de septiembre amigos de las motos de la localidad de Villanueva de la Serena (Badajoz), nos has preparado su VII Fiesta Motera. Dentro del programa tienen prevista una ruta por la comarca y un gran n\u00famero de regalos, pues llevan mucho tiempo buscando colaboradores y han conseguido mucha implicaci\u00f3n. Hay m\u00e1s [&hellip;]<!-- AddThis Advanced Settings generic via filter on get_the_excerpt --><!-- AddThis Share Buttons generic via filter on get_the_excerpt --><\/p>\n","protected":false},"author":49,"featured_media":0,"comment_status":"open","ping_status":"closed","sticky":false,"template":"","format":"standard","meta":[],"categories":[13],"tags":[59,409,622,696],"_links":{"self":[{"href":"https:\/\/blogs.hoy.es\/moterosdehoy\/wp-json\/wp\/v2\/posts\/1985"}],"collection":[{"href":"https:\/\/blogs.hoy.es\/moterosdehoy\/wp-json\/wp\/v2\/posts"}],"about":[{"href":"https:\/\/blogs.hoy.es\/moterosdehoy\/wp-json\/wp\/v2\/types\/post"}],"author":[{"embeddable":true,"href":"https:\/\/blogs.hoy.es\/moterosdehoy\/wp-json\/wp\/v2\/users\/49"}],"replies":[{"embeddable":true,"href":"https:\/\/blogs.hoy.es\/moterosdehoy\/wp-json\/wp\/v2\/comments?post=1985"}],"version-history":[{"count":0,"href":"https:\/\/blogs.hoy.es\/moterosdehoy\/wp-json\/wp\/v2\/posts\/1985\/revisions"}],"wp:attachment":[{"href":"https:\/\/blogs.hoy.es\/moterosdehoy\/wp-json\/wp\/v2\/media?parent=1985"}],"wp:term":[{"taxonomy":"category","embeddable":true,"href":"https:\/\/blogs.hoy.es\/moterosdehoy\/wp-json\/wp\/v2\/categories?post=1985"},{"taxonomy":"post_tag","embeddable":true,"href":"https:\/\/blogs.hoy.es\/moterosdehoy\/wp-json\/wp\/v2\/tags?post=1985"}],"curies":[{"name":"wp","href":"https:\/\/api.w.org\/{rel}","templated":true}]}}