{"id":1989,"date":"2016-09-07T12:44:47","date_gmt":"2016-09-07T12:44:47","guid":{"rendered":"http:\/\/blogs.hoy.es\/moterosdehoy\/?p=1989"},"modified":"2016-09-07T12:44:47","modified_gmt":"2016-09-07T12:44:47","slug":"reinauguracion-cerveceria-motera-en-caceres","status":"publish","type":"post","link":"https:\/\/blogs.hoy.es\/moterosdehoy\/2016\/09\/07\/reinauguracion-cerveceria-motera-en-caceres\/","title":{"rendered":"Reinauguraci\u00f3n cervecer\u00eda motera en C\u00e1ceres"},"content":{"rendered":"<p>Est\u00e1 claro que el mundo motero mueve mucho, y no solo por las ruedas de nuestras m\u00e1quinas, hay muchos negocios que giran a su alrededor, y aqu\u00ed llega una cervecer\u00eda con tem\u00e1tica motera.<\/p>\n<p><a href=\"\/moterosdehoy\/wp-content\/uploads\/sites\/45\/2016\/09\/Cerveceria-Ruta-66.jpg\"><img loading=\"lazy\" class=\"alignleft size-medium wp-image-1990\" title=\"Cerveceria Ruta 66\" src=\"\/moterosdehoy\/wp-content\/uploads\/sites\/45\/2016\/09\/Cerveceria-Ruta-66.jpg\" alt=\"\" width=\"300\" height=\"143\" srcset=\"https:\/\/static-blogs.hoy.es\/wp-content\/uploads\/sites\/45\/2016\/09\/Cerveceria-Ruta-66.jpg 795w, https:\/\/static-blogs.hoy.es\/wp-content\/uploads\/sites\/45\/2016\/09\/Cerveceria-Ruta-66-300x144.jpg 300w, https:\/\/static-blogs.hoy.es\/wp-content\/uploads\/sites\/45\/2016\/09\/Cerveceria-Ruta-66-768x368.jpg 768w\" sizes=\"(max-width: 300px) 100vw, 300px\" \/><\/a>En realidad la cervecer\u00eda ya funcionaba y ahora se reinaugura, motivo por el cual el <strong>10 de septiembre<\/strong> han organizado una fiesta, y que mejor nombre que Ruta 66.<!--more--><\/p>\n<p>La fiesta tendr\u00e1 lugar desde las 13 horas, alarg\u00e1ndose hasta la una de la madrugada, en la propia cervecer\u00eda, sita en la Ruta de la Plata, Centro Comercial &#8220;El Farall\u00f3n&#8221; en <strong>C\u00e1ceres<\/strong>, y para m\u00e1s se\u00f1as se encuentra encima del supercor, as\u00ed seguro que no tienes perdida.<\/p>\n<p>En la fiesta encontrar\u00e1s, paella, m\u00fasica (concierto), terraza, amplio aparcamiento para motos, en fin todo lo necesario para pasar un buen rato entre amigos o conocer nuevos.<\/p>\n<p>Saludos y r\u00e1fagas.<\/p>\n<!-- AddThis Advanced Settings generic via filter on the_content --><!-- AddThis Share Buttons generic via filter on the_content -->","protected":false},"excerpt":{"rendered":"<p>Est\u00e1 claro que el mundo motero mueve mucho, y no solo por las ruedas de nuestras m\u00e1quinas, hay muchos negocios que giran a su alrededor, y aqu\u00ed llega una cervecer\u00eda con tem\u00e1tica motera. En realidad la cervecer\u00eda ya funcionaba y ahora se reinaugura, motivo por el cual el 10 de septiembre han organizado una fiesta, [&hellip;]<!-- AddThis Advanced Settings generic via filter on get_the_excerpt --><!-- AddThis Share Buttons generic via filter on get_the_excerpt --><\/p>\n","protected":false},"author":49,"featured_media":0,"comment_status":"open","ping_status":"closed","sticky":false,"template":"","format":"standard","meta":[],"categories":[13],"tags":[101,130,160,622,624],"_links":{"self":[{"href":"https:\/\/blogs.hoy.es\/moterosdehoy\/wp-json\/wp\/v2\/posts\/1989"}],"collection":[{"href":"https:\/\/blogs.hoy.es\/moterosdehoy\/wp-json\/wp\/v2\/posts"}],"about":[{"href":"https:\/\/blogs.hoy.es\/moterosdehoy\/wp-json\/wp\/v2\/types\/post"}],"author":[{"embeddable":true,"href":"https:\/\/blogs.hoy.es\/moterosdehoy\/wp-json\/wp\/v2\/users\/49"}],"replies":[{"embeddable":true,"href":"https:\/\/blogs.hoy.es\/moterosdehoy\/wp-json\/wp\/v2\/comments?post=1989"}],"version-history":[{"count":0,"href":"https:\/\/blogs.hoy.es\/moterosdehoy\/wp-json\/wp\/v2\/posts\/1989\/revisions"}],"wp:attachment":[{"href":"https:\/\/blogs.hoy.es\/moterosdehoy\/wp-json\/wp\/v2\/media?parent=1989"}],"wp:term":[{"taxonomy":"category","embeddable":true,"href":"https:\/\/blogs.hoy.es\/moterosdehoy\/wp-json\/wp\/v2\/categories?post=1989"},{"taxonomy":"post_tag","embeddable":true,"href":"https:\/\/blogs.hoy.es\/moterosdehoy\/wp-json\/wp\/v2\/tags?post=1989"}],"curies":[{"name":"wp","href":"https:\/\/api.w.org\/{rel}","templated":true}]}}