{"id":199,"date":"2012-07-25T16:58:27","date_gmt":"2012-07-25T16:58:27","guid":{"rendered":"http:\/\/blogs.hoy.es\/moterosdehoy\/?p=199"},"modified":"2012-07-25T16:58:27","modified_gmt":"2012-07-25T16:58:27","slug":"motos-que-ponen-en-riesgo-la-seguridad-de-los-motoristas","status":"publish","type":"post","link":"https:\/\/blogs.hoy.es\/moterosdehoy\/2012\/07\/25\/motos-que-ponen-en-riesgo-la-seguridad-de-los-motoristas\/","title":{"rendered":"Motos que ponen en riesgo la seguridad de los Motoristas"},"content":{"rendered":"<p style=\"text-align: justify;\"><strong><a title=\"Relaci\u00f3n de motocicletas con alertas\" href=\"https:\/\/www.mutuamotera.org\/gn\/web\/ks\/document\/Informe_AMM_SV_09512_RED_ALERTAS_MOTOS_2010_2011%20D-J.pdf\" target=\"_blank\" rel=\"external nofollow\">89 modelos<\/a> de motocicletas comercializadas en Espa\u00f1a durante los a\u00f1os 2010 y 2011 pueden presentar defectos de f\u00e1brica que afecten a la seguridad vial. <\/strong>As\u00ed comienza un informe de alertas basado en los a\u00f1os 2010-2011, de la mano de la <a title=\"Asociaci\u00f3n Mutua Motera\" href=\"http:\/\/www.mutuamotera.org\/gn\/web\/index.php\" target=\"_blank\" rel=\"external nofollow\">Asociaci\u00f3n Mutua Motera<\/a> (AMM).<\/p>\n<p style=\"text-align: justify;\"><strong>De estas: \u00a0<a href=\"\/moterosdehoy\/wp-content\/uploads\/sites\/45\/2012\/07\/Incidencias-en-fabricaci\u00f3n-de-motocicletas.jpg\"><img loading=\"lazy\" class=\"alignright size-medium wp-image-200\" title=\"Incidencias en fabricaci\u00f3n de motocicletas\" src=\"\/moterosdehoy\/wp-content\/uploads\/sites\/45\/2012\/07\/Incidencias-en-fabricaci\u00f3n-de-motocicletas.jpg\" alt=\"\" width=\"300\" height=\"184\" srcset=\"https:\/\/static-blogs.hoy.es\/wp-content\/uploads\/sites\/45\/2012\/07\/Incidencias-en-fabricaci\u00f3n-de-motocicletas.jpg 595w, https:\/\/static-blogs.hoy.es\/wp-content\/uploads\/sites\/45\/2012\/07\/Incidencias-en-fabricaci\u00f3n-de-motocicletas-300x184.jpg 300w\" sizes=\"(max-width: 300px) 100vw, 300px\" \/><\/a><\/strong><\/p>\n<p style=\"text-align: justify;\"><strong>El 84 % de las motos analizadas presentaban riesgo de defectos que ponen en peligro grave la seguridad vial del usuario.<\/strong><\/p>\n<p style=\"text-align: justify;\"><strong>El 44 % pueden sufrir una parada del motor durante la circulaci\u00f3n, algunas por gripaje.<\/strong><\/p>\n<div class=\"mceTemp\"><strong style=\"text-align: justify;\">El 16 % pueden sufrir defectos en el sistema de frenos, algunas de bloqueo de alguna de las ruedas durante la marcha.<\/strong><\/div>\n<p style=\"text-align: justify;\">Seg\u00fan la <a title=\"Asociaci\u00f3n Mutua Motera\" href=\"http:\/\/www.mutuamotera.org\/gn\/web\/index.php\" target=\"_blank\" rel=\"external nofollow\">AMM<\/a>, a lo largo de los a\u00f1os 2010 y 2011 se han comercializado en Espa\u00f1a 89 modelos de motocicletas (38 en 2010 y 41 en 2011), que en algunas unidades se han detectado defectos de f\u00e1brica importantes, <!--more-->hasta el punto de poner ocasionalmente en riesgo la seguridad de sus usuarios.<\/p>\n<p style=\"text-align: justify;\"><a href=\"\/moterosdehoy\/wp-content\/uploads\/sites\/45\/2012\/07\/Moto-quemada.jpg\"><img loading=\"lazy\" class=\"alignright size-medium wp-image-201\" title=\"Moto incendiada\" src=\"\/moterosdehoy\/wp-content\/uploads\/sites\/45\/2012\/07\/Moto-quemada.jpg\" alt=\"\" width=\"300\" height=\"225\" srcset=\"https:\/\/static-blogs.hoy.es\/wp-content\/uploads\/sites\/45\/2012\/07\/Moto-quemada.jpg 800w, https:\/\/static-blogs.hoy.es\/wp-content\/uploads\/sites\/45\/2012\/07\/Moto-quemada-300x225.jpg 300w, https:\/\/static-blogs.hoy.es\/wp-content\/uploads\/sites\/45\/2012\/07\/Moto-quemada-768x576.jpg 768w\" sizes=\"(max-width: 300px) 100vw, 300px\" \/><\/a><\/p>\n<p style=\"text-align: justify;\">Problemas como parada del motor durante la circulaci\u00f3n, incluso riesgo de gripaje, bloqueo de alguna de las ruedas de la motocicleta, falta de robustez del sistema de anclaje de las maletas con riesgo de ca\u00edda de estas o incluso incendio del veh\u00edculo en marcha, son algunos de los problemas detectados.<\/p>\n<p style=\"text-align: justify;\">Por suerte no son todos los modelos y ni siquiera dentro de un mismo modelo, ocurre en todas las series, pero el hecho de que se produzca un solo caso en que un veh\u00edculo salga de f\u00e1brica con defectos que ponen en riesgo la seguridad de los usuarios, ya es suficientemente grave, especialmente en una \u00e9poca como la actual en que la aplicaci\u00f3n rigurosa de la tecnolog\u00eda \u00a0puede conseguir fiabilidades casi del 100 %.<\/p>\n<p style=\"text-align: justify;\">Estas deficiencias puntuales afectan a varios modelos repartidos por muchas de las marcas, independientemente de la gama, pues se han detectado fallos en motocicletas de todos los tipos. Motos de m\u00e1s de 20.000 \u20ac que pueden llegar a arder, otras gripar el motor o que el subchasis pierda rigidez ocasionando p\u00e9rdida de estabilidad, entre variadas incidencias de todo tipo.<\/p>\n<p style=\"text-align: justify;\">Si bien como consumidores debemos exigir a los fabricantes que desarrollen veh\u00edculos 100 % fiables en materia de seguridad, tambi\u00e9n es cierto que con esta informaci\u00f3n parece que tenemos la garant\u00eda de que todas las marcas que aparecen en la red de alertas est\u00e1n cumpliendo con la legalidad y son ellas las que con el \u00e1nimo de protecci\u00f3n de sus clientes y en cumplimiento de la ley, informan motu propio tanto a la Administraci\u00f3n de consumo como a sus clientes.<\/p>\n<p style=\"text-align: justify;\">Por otra parte podemos observar que hay fabricantes que no tienen ning\u00fan modelo en la red de alertas, y preguntarnos:<\/p>\n<ul style=\"text-align: justify;\">\n<li>\u00bfAcaso es que a lo largo de los a\u00f1os no tienen ni un solo producto con defectos de consideraci\u00f3n?<\/li>\n<li>\u00bfEs posible que esas marcas est\u00e9n desarrollando motocicletas \u201ccero defectos\u201d, sin incidencias?<\/li>\n<li>\u00bfPuede ser que est\u00e9n incumpliendo su obligaci\u00f3n de informar a las autoridades de consumo y\/o a sus clientes?<\/li>\n<\/ul>\n<p style=\"text-align: justify;\">Lo que tenemos claro es que las marcas que han informado a las autoridades y a sus clientes sobre los fallos de sus motocicletas, si bien pueden haber errado en el dise\u00f1o o control de calidad de alguna pieza, afortunadamente cumplen la ley informando de los defectos que podemos observar en el informe que presentamos, por lo tanto les felicitamos y agradecemos como consumidores de sus productos.<\/p>\n<p style=\"text-align: justify;\">Ante todo ello, la AMM como organizaci\u00f3n de usuarios motociclistas, ha realizado\u00a0 una investigaci\u00f3n con el fin de que todos aquellos usuarios que sean propietarios de alguna de las motocicletas cuyos modelos han sido objeto de alerta, puedan verificar si en cada caso existe riesgo para su seguridad.<\/p>\n<p style=\"text-align: justify;\"><strong>Si deseas ver el informe y saber si tu modelo de motocicleta ha\u00a0tenido\u00a0alertas, haz <a title=\"Relaci\u00f3n de motocicletas con alertas\" href=\"https:\/\/www.mutuamotera.org\/gn\/web\/ks\/document\/Informe_AMM_SV_09512_RED_ALERTAS_MOTOS_2010_2011%20D-J.pdf\" target=\"_blank\" rel=\"external nofollow\">click aqu\u00ed<\/a><\/strong>\u00a0o sobre la palabra &#8220;89 modelos&#8221; del inicio de la entrada.<\/p>\n<p style=\"text-align: justify;\"><strong>\u00a0 \u00a0Saludos y r\u00e1fagas.<\/strong><\/p>\n<!-- AddThis Advanced Settings generic via filter on the_content --><!-- AddThis Share Buttons generic via filter on the_content -->","protected":false},"excerpt":{"rendered":"<p>89 modelos de motocicletas comercializadas en Espa\u00f1a durante los a\u00f1os 2010 y 2011 pueden presentar defectos de f\u00e1brica que afecten a la seguridad vial. As\u00ed comienza un informe de alertas basado en los a\u00f1os 2010-2011, de la mano de la Asociaci\u00f3n Mutua Motera (AMM). De estas: \u00a0 El 84 % de las motos analizadas presentaban [&hellip;]<!-- AddThis Advanced Settings generic via filter on get_the_excerpt --><!-- AddThis Share Buttons generic via filter on get_the_excerpt --><\/p>\n","protected":false},"author":49,"featured_media":0,"comment_status":"open","ping_status":"closed","sticky":false,"template":"","format":"standard","meta":[],"categories":[12,13],"tags":[79,622,639,685],"_links":{"self":[{"href":"https:\/\/blogs.hoy.es\/moterosdehoy\/wp-json\/wp\/v2\/posts\/199"}],"collection":[{"href":"https:\/\/blogs.hoy.es\/moterosdehoy\/wp-json\/wp\/v2\/posts"}],"about":[{"href":"https:\/\/blogs.hoy.es\/moterosdehoy\/wp-json\/wp\/v2\/types\/post"}],"author":[{"embeddable":true,"href":"https:\/\/blogs.hoy.es\/moterosdehoy\/wp-json\/wp\/v2\/users\/49"}],"replies":[{"embeddable":true,"href":"https:\/\/blogs.hoy.es\/moterosdehoy\/wp-json\/wp\/v2\/comments?post=199"}],"version-history":[{"count":0,"href":"https:\/\/blogs.hoy.es\/moterosdehoy\/wp-json\/wp\/v2\/posts\/199\/revisions"}],"wp:attachment":[{"href":"https:\/\/blogs.hoy.es\/moterosdehoy\/wp-json\/wp\/v2\/media?parent=199"}],"wp:term":[{"taxonomy":"category","embeddable":true,"href":"https:\/\/blogs.hoy.es\/moterosdehoy\/wp-json\/wp\/v2\/categories?post=199"},{"taxonomy":"post_tag","embeddable":true,"href":"https:\/\/blogs.hoy.es\/moterosdehoy\/wp-json\/wp\/v2\/tags?post=199"}],"curies":[{"name":"wp","href":"https:\/\/api.w.org\/{rel}","templated":true}]}}