{"id":1992,"date":"2016-09-10T15:27:29","date_gmt":"2016-09-10T15:27:29","guid":{"rendered":"http:\/\/blogs.hoy.es\/moterosdehoy\/?p=1992"},"modified":"2016-09-10T15:27:29","modified_gmt":"2016-09-10T15:27:29","slug":"segunda-reunion-vespa-emerita","status":"publish","type":"post","link":"https:\/\/blogs.hoy.es\/moterosdehoy\/2016\/09\/10\/segunda-reunion-vespa-emerita\/","title":{"rendered":"Segunda reuni\u00f3n Vespa Em\u00e9rita"},"content":{"rendered":"<p>Un escueto t\u00edtulo puede dar mucha informaci\u00f3n. \u00c9ste es el caso del de \u00e9ste post.<\/p>\n<p><a href=\"\/moterosdehoy\/wp-content\/uploads\/sites\/45\/2016\/09\/2016-09-Vespa-M\u00e9rida.jpg\"><img loading=\"lazy\" class=\"alignleft size-medium wp-image-1993\" title=\"2016-09 Vespa M\u00e9rida\" src=\"\/moterosdehoy\/wp-content\/uploads\/sites\/45\/2016\/09\/2016-09-Vespa-M\u00e9rida.jpg\" alt=\"\" width=\"214\" height=\"300\" \/><\/a>El club de Vespas emeritense, ha preparado su segunda reuni\u00f3n de Vespas en su localidad. Tendr\u00e1 lugar el domingo 11 de septiembre, con el siguiente programa:<\/p>\n<p>De 9 a 10:30 horas, inscripci\u00f3n con recogida de alimentos y bienvenida de los participantes \u00a0con desayuno y obsequio en la plaza de toros &#8220;Cerro San Alvin&#8221;, <a title=\"M\u00e9rida en la web\" href=\"http:\/\/merida.es\/\" target=\"_blank\" rel=\"external nofollow\">M\u00e9rida<\/a> (Badajoz)<!--more--><\/p>\n<p>10:30 a 10:50 h, paseo por las calles de M\u00e9rida.<\/p>\n<p>10:50 a 12 h, visita al teatro y anfiteatro romano.<\/p>\n<p>12:10 a 12:30 h, parada en Burquer King con obsequio de un helado a los participantes.<\/p>\n<p>12:30 a 13 h, ruta a Alange, pasando por la presa del pantano.<\/p>\n<p>13 a 14 h, parada con aperitivo en <a title=\"Ayto Alange\" href=\"http:\/\/www.alange.es\/\" target=\"_blank\" rel=\"external nofollow\">Alange<\/a>.<\/p>\n<p>14 a 15 h, ruta a Proserpina, donde tendr\u00e1 lugar la comida, sorteo de premios y clausura del evento.<\/p>\n<p>Todo un gran programa para pasar unbuen domingo vespero. Informaci\u00f3n obtenida de la p\u00e1gina de <a title=\"Facebook de Vespa Em\u00e9rita\" href=\"https:\/\/www.facebook.com\/Vespa-Emerita-720148694749360\/\" target=\"_blank\" rel=\"external nofollow\">facebook de Vespa Em\u00e9rita<\/a>.<\/p>\n<p>Saludos y r\u00e1fagas.<\/p>\n<!-- AddThis Advanced Settings generic via filter on the_content --><!-- AddThis Share Buttons generic via filter on the_content -->","protected":false},"excerpt":{"rendered":"<p>Un escueto t\u00edtulo puede dar mucha informaci\u00f3n. \u00c9ste es el caso del de \u00e9ste post. El club de Vespas emeritense, ha preparado su segunda reuni\u00f3n de Vespas en su localidad. Tendr\u00e1 lugar el domingo 11 de septiembre, con el siguiente programa: De 9 a 10:30 horas, inscripci\u00f3n con recogida de alimentos y bienvenida de los [&hellip;]<!-- AddThis Advanced Settings generic via filter on get_the_excerpt --><!-- AddThis Share Buttons generic via filter on get_the_excerpt --><\/p>\n","protected":false},"author":49,"featured_media":0,"comment_status":"open","ping_status":"closed","sticky":false,"template":"","format":"standard","meta":[],"categories":[13],"tags":[46,622,624,990,994],"_links":{"self":[{"href":"https:\/\/blogs.hoy.es\/moterosdehoy\/wp-json\/wp\/v2\/posts\/1992"}],"collection":[{"href":"https:\/\/blogs.hoy.es\/moterosdehoy\/wp-json\/wp\/v2\/posts"}],"about":[{"href":"https:\/\/blogs.hoy.es\/moterosdehoy\/wp-json\/wp\/v2\/types\/post"}],"author":[{"embeddable":true,"href":"https:\/\/blogs.hoy.es\/moterosdehoy\/wp-json\/wp\/v2\/users\/49"}],"replies":[{"embeddable":true,"href":"https:\/\/blogs.hoy.es\/moterosdehoy\/wp-json\/wp\/v2\/comments?post=1992"}],"version-history":[{"count":0,"href":"https:\/\/blogs.hoy.es\/moterosdehoy\/wp-json\/wp\/v2\/posts\/1992\/revisions"}],"wp:attachment":[{"href":"https:\/\/blogs.hoy.es\/moterosdehoy\/wp-json\/wp\/v2\/media?parent=1992"}],"wp:term":[{"taxonomy":"category","embeddable":true,"href":"https:\/\/blogs.hoy.es\/moterosdehoy\/wp-json\/wp\/v2\/categories?post=1992"},{"taxonomy":"post_tag","embeddable":true,"href":"https:\/\/blogs.hoy.es\/moterosdehoy\/wp-json\/wp\/v2\/tags?post=1992"}],"curies":[{"name":"wp","href":"https:\/\/api.w.org\/{rel}","templated":true}]}}