{"id":1995,"date":"2016-09-12T14:10:06","date_gmt":"2016-09-12T14:10:06","guid":{"rendered":"http:\/\/blogs.hoy.es\/moterosdehoy\/?p=1995"},"modified":"2016-09-12T14:10:06","modified_gmt":"2016-09-12T14:10:06","slug":"musica-y-motos-en-caceres","status":"publish","type":"post","link":"https:\/\/blogs.hoy.es\/moterosdehoy\/2016\/09\/12\/musica-y-motos-en-caceres\/","title":{"rendered":"M\u00fasica y motos en C\u00e1ceres"},"content":{"rendered":"<p>El conocido grupo motero &#8220;<a title=\"Enlace a su web\" href=\"http:\/\/www.buitresleonaos.com\/\" target=\"_blank\" rel=\"external nofollow\">Buitres Leonaos<\/a>&#8221;\u00a0de <a title=\"C\u00e1ceres en wikipedia\" href=\"https:\/\/es.wikipedia.org\/wiki\/C%C3%A1ceres\" target=\"_blank\" rel=\"external nofollow\">C\u00e1ceres<\/a>, nos tiene preparado su X Concentraci\u00f3n Internacional de Motos Buitres Leonaos.<\/p>\n<p><a href=\"\/moterosdehoy\/wp-content\/uploads\/sites\/45\/2016\/09\/2016-09-C\u00e1ceres.jpg\"><img loading=\"lazy\" class=\"alignleft size-medium wp-image-1996\" title=\"2016-09 C\u00e1ceres\" src=\"\/moterosdehoy\/wp-content\/uploads\/sites\/45\/2016\/09\/2016-09-C\u00e1ceres.jpg\" alt=\"\" width=\"211\" height=\"300\" srcset=\"https:\/\/static-blogs.hoy.es\/wp-content\/uploads\/sites\/45\/2016\/09\/2016-09-C\u00e1ceres.jpg 678w, https:\/\/static-blogs.hoy.es\/wp-content\/uploads\/sites\/45\/2016\/09\/2016-09-C\u00e1ceres-212x300.jpg 212w\" sizes=\"(max-width: 211px) 100vw, 211px\" \/><\/a>Al ser su d\u00e9cima concentraci\u00f3n quieren hacerlo por todo lo grande y en \u00e9sta edici\u00f3n se celebrar\u00e1 conjuntamente con el &#8220;ExtremaRock&#8221;, por lo que la m\u00fasica est\u00e1 garantizada.<\/p>\n<p>Tendr\u00e1 lugar entre los d\u00edas <strong>15, 16, 17 y 18 de septiembre<\/strong>, como en ediciones anteriores tendr\u00e1 lugar en el Complejo Deportivo &#8220;El Cuartillo&#8221;, de <strong>C\u00e1ceres<\/strong>.<!--more--><\/p>\n<p>Si ya has estado en ediciones anteriores de seguro que har\u00e1s lo posible por asistir, ese es su mejor cartel, y en caso de no conocerlos te recomiendo pasar por all\u00ed, buena m\u00fasica, buen ambiente, muchas motos, mucha cerveza, muy buenos ratos&#8230; En definitiva de lo mejorcito que puedes encontrar en el panorama motero extreme\u00f1o.<\/p>\n<h2>PROGRAMA:<a href=\"\/moterosdehoy\/wp-content\/uploads\/sites\/45\/2016\/09\/ExtremaRock-2016.jpg\"><img loading=\"lazy\" class=\"alignright size-medium wp-image-1997\" title=\"ExtremaRock 2016\" src=\"\/moterosdehoy\/wp-content\/uploads\/sites\/45\/2016\/09\/ExtremaRock-2016.jpg\" alt=\"\" width=\"212\" height=\"300\" srcset=\"https:\/\/static-blogs.hoy.es\/wp-content\/uploads\/sites\/45\/2016\/09\/ExtremaRock-2016.jpg 679w, https:\/\/static-blogs.hoy.es\/wp-content\/uploads\/sites\/45\/2016\/09\/ExtremaRock-2016-212x300.jpg 212w\" sizes=\"(max-width: 212px) 100vw, 212px\" \/><\/a><\/h2>\n<p>.<br \/>\n<strong>DIA 15 JUEVES<\/strong><\/p>\n<ul>\n<li>17\u201900 horas: Apertura de inscripciones<\/li>\n<li>19\u201900 h: Comienzan los conciertos, &#8220;Guerra de Bandas&#8221;, en \u00e9sta edici\u00f3n son muchas por lo que os pongo el cartel del ExtremaRock y ah\u00ed est\u00e1n detalladas todas.<\/li>\n<\/ul>\n<p>.<br \/>\n<strong>DIA 16 VIERNES<\/strong><\/p>\n<ul>\n<li>10\u201900 h: Desayuno. Apertura de inscripciones<\/li>\n<li>11\u201900 h: Visitas en grupos por C\u00e1ceres<\/li>\n<li>21\u201900 h: Comienzo de conciertos<\/li>\n<\/ul>\n<p>.<\/p>\n<p><strong>DIA 17 SABADO<\/strong><\/p>\n<ul>\n<li>10\u201900 h: Desayuno. Apertura de inscripciones<\/li>\n<li>11\u201900 h: Ruta por C\u00e1ceres con refrigerio<\/li>\n<li>15\u201900 h: Comida<\/li>\n<li>17\u201900 h: Juegos populares<\/li>\n<li>19\u201900 h: Concurso de Tatoos y Pin ups<\/li>\n<li>20\u201930 h: Cena<\/li>\n<li>22\u201900 h: Conciertos<\/li>\n<li>00&#8217;00 h: Homenaje a los Ca\u00eddos<\/li>\n<li>00&#8217;30 h: Conciertos<\/li>\n<\/ul>\n<p>.<\/p>\n<p><strong>DIA 18 DOMINGO<\/strong><\/p>\n<ul>\n<li>10\u201900 h: Desayuno. Apertura de inscripciones<\/li>\n<li>11\u201900 h: Ruta con refrigerio<\/li>\n<li>15\u201900 h: Comida<\/li>\n<li>15\u201930 h: Entrega de trofeos y regalos<\/li>\n<li>16\u201900 h: Concietos<\/li>\n<\/ul>\n<p>.<\/p>\n<p>Para los que no hay\u00e1is estado os comento que es una concentraci\u00f3n motera en toda regla, con conciertos, su zona de acampada, la cual tiene lugar en el recinto del cuartillo, C\u00e1ceres. Donde dispones de todas las comodidades para instalar tu tienda y pasar un buen fin de semana entre buenos amigos, con sombra, buenos ba\u00f1os, duchas, incluso mesas de camping por si quieres llevarte algo y picar con los colegas, aunque dentro del recinto por supuesto hay BAR y BARBACOA permanente para los que quieran comer algo. Adem\u00e1s en su p\u00e1gina web tienen un\u00a0<a title=\"Enlace a hoteles concertados\" href=\"http:\/\/buitresleonaos.com\/vente-a-caceres\/\" target=\"_blank\" rel=\"external nofollow\">enlace a hoteles concertados<\/a>\u00a0por si prefieres dormir en cama.<\/p>\n<p>La concentraci\u00f3n, a diferencia de otras, es abierta para todo aquel que quiera asistir. En ediciones anteriores se llegaban a reunir varios miles de personas, que \u00e9sta edici\u00f3n al estar con el ExtremaRock se prev\u00e9 que se incremente.<\/p>\n<p><strong>La inscripci\u00f3n es de 30 euros,\u00a0<\/strong>recibiendo una bolsa de art\u00edculos de merchandising, con un pin, una camiseta, una pegatina, y vales para cenas y comidas del fin de semana, as\u00ed como ticket de refrescos para las rutas. Si te inscribes <strong>s\u00f3lo domingo<\/strong> tienes la <strong>inscripci\u00f3n<\/strong> por <strong>15 euros<\/strong>.<\/p>\n<p>Los Buitres llevan desde el 2002 como club, lo que a trav\u00e9s de todo este tiempo han tenido muchas vivencias, que por supuesto a base de curvas y kil\u00f3metros se ve fortalecida. Aunque est\u00e1 claro que siempre hay que trabajar muy duro, para que en un evento de \u00e9ste tipo no quede nada suelto.<\/p>\n<p>Hay que decir que es una concentraci\u00f3n de calidad, no es una concentraci\u00f3n motera para ir a liarla, quemar rueda y hacer ruido. Los buitres intentan presentarnos su ciudad C\u00e1ceres, y que la ciudad vea que los moteros somos c\u00edvicos. As\u00ed es la \u00fanica manera de conseguir una concentraci\u00f3n que a\u00f1o tras a\u00f1o es mejor reconocida, habiendo visto a moteros de muchos pa\u00edses, entre ellos y por nombrar algunos, portugueses, franceses, italianos, alemanes, brasile\u00f1os y hasta a alg\u00fan canadiense, seg\u00fan recuerdan sus organizadores.<\/p>\n<p>Unos de los platos fuertes de la concentraci\u00f3n son los conciertos. La m\u00fasica tendr\u00e1 gran importancia. M\u00e1xime en \u00e9sta d\u00e9cima edici\u00f3n con el ExtremaRock asentado entre ellos.<\/p>\n<p>Tambi\u00e9n se han programado rutas, as\u00ed como concursos que tendr\u00e1n como protagonista a los tatuajes, a la indumentaria \u2018pin-up\u2019 de los a\u00f1os 50, o a las propias motos, con las \u2018carreras de lentos\u2019, donde gana el que m\u00e1s tarda en llegar a la meta sin poner el pie en el suelo. Sin olvidar esa zona de stands junto a los conciertos, donde podr\u00e1s encontrar cualquier accesorio motero que tengas en mente.<\/p>\n<p>Est\u00e1 claro que para organizar un evento de este calibre lleva mucho trabajo y es por ello, que la organizaci\u00f3n se reserva el derecho de modificar el programa sin previo aviso.<\/p>\n<p>Aqu\u00ed os dejo un enlace a un\u00a0<a title=\"Concentraci\u00f3n Buitres Leonaos 2013\" href=\"https:\/\/www.youtube.com\/watch?v=dKdwyepz3IA\" target=\"_blank\" rel=\"external nofollow\">v\u00eddeo de la edici\u00f3n del a\u00f1o pasado<\/a>.<\/p>\n<p><strong>\u00a1\u00a1\u00a1RECUERDA, NOS ESPERAN!!!<\/strong><\/p>\n<p>Si quieres ver <a title=\"Concentraciones de septiembre 2016\" href=\"http:\/\/www.moterosdehoy.es\/2016\/08\/27\/concentraciones-y-kdds-moteras-septiembre-2016\/#more-2500\" target=\"_blank\" rel=\"external nofollow\">otras concentraciones del mes clic aqu\u00ed<\/a>.<\/p>\n<p>Saludos y r\u00e1fagas.<\/p>\n<!-- AddThis Advanced Settings generic via filter on the_content --><!-- AddThis Share Buttons generic via filter on the_content -->","protected":false},"excerpt":{"rendered":"<p>El conocido grupo motero &#8220;Buitres Leonaos&#8221;\u00a0de C\u00e1ceres, nos tiene preparado su X Concentraci\u00f3n Internacional de Motos Buitres Leonaos. Al ser su d\u00e9cima concentraci\u00f3n quieren hacerlo por todo lo grande y en \u00e9sta edici\u00f3n se celebrar\u00e1 conjuntamente con el &#8220;ExtremaRock&#8221;, por lo que la m\u00fasica est\u00e1 garantizada. Tendr\u00e1 lugar entre los d\u00edas 15, 16, 17 y [&hellip;]<!-- AddThis Advanced Settings generic via filter on get_the_excerpt --><!-- AddThis Share Buttons generic via filter on get_the_excerpt --><\/p>\n","protected":false},"author":49,"featured_media":0,"comment_status":"open","ping_status":"closed","sticky":false,"template":"","format":"standard","meta":[],"categories":[13],"tags":[120,622,679,696,1025],"_links":{"self":[{"href":"https:\/\/blogs.hoy.es\/moterosdehoy\/wp-json\/wp\/v2\/posts\/1995"}],"collection":[{"href":"https:\/\/blogs.hoy.es\/moterosdehoy\/wp-json\/wp\/v2\/posts"}],"about":[{"href":"https:\/\/blogs.hoy.es\/moterosdehoy\/wp-json\/wp\/v2\/types\/post"}],"author":[{"embeddable":true,"href":"https:\/\/blogs.hoy.es\/moterosdehoy\/wp-json\/wp\/v2\/users\/49"}],"replies":[{"embeddable":true,"href":"https:\/\/blogs.hoy.es\/moterosdehoy\/wp-json\/wp\/v2\/comments?post=1995"}],"version-history":[{"count":0,"href":"https:\/\/blogs.hoy.es\/moterosdehoy\/wp-json\/wp\/v2\/posts\/1995\/revisions"}],"wp:attachment":[{"href":"https:\/\/blogs.hoy.es\/moterosdehoy\/wp-json\/wp\/v2\/media?parent=1995"}],"wp:term":[{"taxonomy":"category","embeddable":true,"href":"https:\/\/blogs.hoy.es\/moterosdehoy\/wp-json\/wp\/v2\/categories?post=1995"},{"taxonomy":"post_tag","embeddable":true,"href":"https:\/\/blogs.hoy.es\/moterosdehoy\/wp-json\/wp\/v2\/tags?post=1995"}],"curies":[{"name":"wp","href":"https:\/\/api.w.org\/{rel}","templated":true}]}}