{"id":2002,"date":"2016-09-21T20:50:17","date_gmt":"2016-09-21T20:50:17","guid":{"rendered":"http:\/\/blogs.hoy.es\/moterosdehoy\/?p=2002"},"modified":"2016-09-21T20:50:17","modified_gmt":"2016-09-21T20:50:17","slug":"team-riders-extremadura","status":"publish","type":"post","link":"https:\/\/blogs.hoy.es\/moterosdehoy\/2016\/09\/21\/team-riders-extremadura\/","title":{"rendered":"Team Riders Extremadura"},"content":{"rendered":"<p>Un nuevo grupo motero entra con fuerza en el panorama extreme\u00f1o.<\/p>\n<p>\u00c9ste grupo se encuentra asentado en Jerez de los Caballeros (Badajoz) y tienen entre sus fines como asociaci\u00f3n sin \u00e1nimo de lucro dar a conocer nuestra comunidad aut\u00f3noma, hast\u00e1 ah\u00ed no hay nada nuevo, pues ya hay m\u00e1s de cincuenta en Extremadura, pero tienen una cosa novedosa.<\/p>\n<p><a href=\"\/moterosdehoy\/wp-content\/uploads\/sites\/45\/2016\/09\/IMG_5926.jpg\"><img loading=\"lazy\" class=\"alignleft size-medium wp-image-2003\" title=\"IMG_5926\" src=\"\/moterosdehoy\/wp-content\/uploads\/sites\/45\/2016\/09\/IMG_5926.jpg\" alt=\"\" width=\"212\" height=\"300\" srcset=\"https:\/\/static-blogs.hoy.es\/wp-content\/uploads\/sites\/45\/2016\/09\/IMG_5926.jpg 454w, https:\/\/static-blogs.hoy.es\/wp-content\/uploads\/sites\/45\/2016\/09\/IMG_5926-213x300.jpg 213w\" sizes=\"(max-width: 212px) 100vw, 212px\" \/><\/a>Acaban de registrarse como grupo, bueno en febrero, y ya tienen organizada una ruta en la que a d\u00eda de hoy hay m\u00e1s de cien inscritos, todo un logro para ser su primera ruta oficial.<!--more--><\/p>\n<p>No es el primer grupo motero que hace rutas para visitar castillos, ni el primero en organizar una ruta a menos de un a\u00f1o de aniversario, pero dentro del sur de la regi\u00f3n parece que ha surgido un grupo motero con fuerza.<\/p>\n<p>Por el momento, tienen organizada su &#8220;1\u00aa Edici\u00f3n: Castillos&#8221;, que tendr\u00e1 lugar el <strong>s\u00e1bado d\u00eda 8 de octubre<\/strong>, con salida y regreso desde <strong>Jerez de los Caballeros<\/strong> y en la que a\u00fan est\u00e1s a tiempo de inscribirte, pues han ampliado hasta el 22 de septiembre.<\/p>\n<p>La ruta tendr\u00e1 un recorrido de unos 400 kil\u00f3metros, que se recorrer\u00e1n a lo largo de unas 12 horas. Para poder participar debes inscribirte, pues habr\u00e1n detalles personalizados y la comida est\u00e1 incluida, Os dejo un enlace a <a title=\"P\u00e1gina oficial de Team Riders Extremadura\" href=\"http:\/\/teamridersextremadura.es\/\" target=\"_blank\" rel=\"external nofollow\">su p\u00e1gina web<\/a> por si est\u00e1is interesados o quer\u00e9is pedirles mayor informaci\u00f3n.<\/p>\n<p>Saludos y r\u00e1fagas.<\/p>\n<!-- AddThis Advanced Settings generic via filter on the_content --><!-- AddThis Share Buttons generic via filter on the_content -->","protected":false},"excerpt":{"rendered":"<p>Un nuevo grupo motero entra con fuerza en el panorama extreme\u00f1o. \u00c9ste grupo se encuentra asentado en Jerez de los Caballeros (Badajoz) y tienen entre sus fines como asociaci\u00f3n sin \u00e1nimo de lucro dar a conocer nuestra comunidad aut\u00f3noma, hast\u00e1 ah\u00ed no hay nada nuevo, pues ya hay m\u00e1s de cincuenta en Extremadura, pero tienen [&hellip;]<!-- AddThis Advanced Settings generic via filter on get_the_excerpt --><!-- AddThis Share Buttons generic via filter on get_the_excerpt --><\/p>\n","protected":false},"author":49,"featured_media":0,"comment_status":"open","ping_status":"closed","sticky":false,"template":"","format":"standard","meta":[],"categories":[13],"tags":[529,622,624,696,926],"_links":{"self":[{"href":"https:\/\/blogs.hoy.es\/moterosdehoy\/wp-json\/wp\/v2\/posts\/2002"}],"collection":[{"href":"https:\/\/blogs.hoy.es\/moterosdehoy\/wp-json\/wp\/v2\/posts"}],"about":[{"href":"https:\/\/blogs.hoy.es\/moterosdehoy\/wp-json\/wp\/v2\/types\/post"}],"author":[{"embeddable":true,"href":"https:\/\/blogs.hoy.es\/moterosdehoy\/wp-json\/wp\/v2\/users\/49"}],"replies":[{"embeddable":true,"href":"https:\/\/blogs.hoy.es\/moterosdehoy\/wp-json\/wp\/v2\/comments?post=2002"}],"version-history":[{"count":0,"href":"https:\/\/blogs.hoy.es\/moterosdehoy\/wp-json\/wp\/v2\/posts\/2002\/revisions"}],"wp:attachment":[{"href":"https:\/\/blogs.hoy.es\/moterosdehoy\/wp-json\/wp\/v2\/media?parent=2002"}],"wp:term":[{"taxonomy":"category","embeddable":true,"href":"https:\/\/blogs.hoy.es\/moterosdehoy\/wp-json\/wp\/v2\/categories?post=2002"},{"taxonomy":"post_tag","embeddable":true,"href":"https:\/\/blogs.hoy.es\/moterosdehoy\/wp-json\/wp\/v2\/tags?post=2002"}],"curies":[{"name":"wp","href":"https:\/\/api.w.org\/{rel}","templated":true}]}}