{"id":2005,"date":"2016-09-24T17:10:58","date_gmt":"2016-09-24T17:10:58","guid":{"rendered":"http:\/\/blogs.hoy.es\/moterosdehoy\/?p=2005"},"modified":"2016-09-24T17:10:58","modified_gmt":"2016-09-24T17:10:58","slug":"vi-reunion-motera-en-navalvillar-de-pela","status":"publish","type":"post","link":"https:\/\/blogs.hoy.es\/moterosdehoy\/2016\/09\/24\/vi-reunion-motera-en-navalvillar-de-pela\/","title":{"rendered":"VI Reuni\u00f3n motera en Navalvillar de Pela"},"content":{"rendered":"<p>En <a title=\"Navalvillar de Pela en wikipedia\" href=\"https:\/\/es.wikipedia.org\/wiki\/Navalvillar_de_Pela\" target=\"_blank\" rel=\"external nofollow\">Navalvillar de Pela<\/a> (Badajoz), se encuentran afincados dos clubes moteros de repercusi\u00f3n, por un lado tenemos &#8220;A todo Pist\u00f3n&#8221; que realiz\u00f3 una quedada motera en mayo y por otro &#8220;<strong>El Pist\u00f3n Bellotero<\/strong>&#8220;, que ahora nos trae una reuni\u00f3n motera, en ambos casos van por su sextas ediciones.<\/p>\n<p><a href=\"\/moterosdehoy\/wp-content\/uploads\/sites\/45\/2016\/09\/2016-09-Navalvillar-de-Pela.jpg\"><img loading=\"lazy\" class=\"alignleft size-medium wp-image-2006\" title=\"2016-09 Navalvillar de Pela\" src=\"\/moterosdehoy\/wp-content\/uploads\/sites\/45\/2016\/09\/2016-09-Navalvillar-de-Pela.jpg\" alt=\"\" width=\"213\" height=\"300\" srcset=\"https:\/\/static-blogs.hoy.es\/wp-content\/uploads\/sites\/45\/2016\/09\/2016-09-Navalvillar-de-Pela.jpg 683w, https:\/\/static-blogs.hoy.es\/wp-content\/uploads\/sites\/45\/2016\/09\/2016-09-Navalvillar-de-Pela-213x300.jpg 213w\" sizes=\"(max-width: 213px) 100vw, 213px\" \/><\/a>Tras esta breve presentaci\u00f3n, el club motero &#8220;El Pist\u00f3n Bellotero&#8221; nos ha preparado su sexta reuni\u00f3n motera, como en ediciones anteriores en su localidad, Navalvillar de Pela. Tendr\u00e1 lugar el <strong>domingo d\u00eda 25 de septiembre<\/strong>.<\/p>\n<p>El punto de encuentro es en la Plaza del Emigrante (parque), all\u00ed de 10 a 11 horas estar\u00e1n abiertas las <strong>inscripciones <\/strong>por<strong> 12 euros<\/strong> y tendr\u00e1 lugar el desayuno.<!--more--><\/p>\n<p>Tras coger fuerzas se realizar\u00e1n las rutas. Las rutas, pues habr\u00e1 dos, una para motos de campo y quads, y otras para motos de carretera.<\/p>\n<p>Ambas rutas comenzar\u00e1n con un pasacalles por la localidad, y durante ellas habr\u00e1 un par de paradas para aperitivos. Una vez finalizadas y de regreso a la localidad, tendr\u00e1 lugar el almuerzo en restaurante con la entrega de trofeos y regalos, todo acompa\u00f1ado de un buen ambiente motero.<\/p>\n<p>En definitiva, un domingo motero para todos los gustos.<\/p>\n<p>Saludos y r\u00e1fagas.<\/p>\n<!-- AddThis Advanced Settings generic via filter on the_content --><!-- AddThis Share Buttons generic via filter on the_content -->","protected":false},"excerpt":{"rendered":"<p>En Navalvillar de Pela (Badajoz), se encuentran afincados dos clubes moteros de repercusi\u00f3n, por un lado tenemos &#8220;A todo Pist\u00f3n&#8221; que realiz\u00f3 una quedada motera en mayo y por otro &#8220;El Pist\u00f3n Bellotero&#8220;, que ahora nos trae una reuni\u00f3n motera, en ambos casos van por su sextas ediciones. Tras esta breve presentaci\u00f3n, el club motero [&hellip;]<!-- AddThis Advanced Settings generic via filter on get_the_excerpt --><!-- AddThis Share Buttons generic via filter on get_the_excerpt --><\/p>\n","protected":false},"author":49,"featured_media":0,"comment_status":"open","ping_status":"closed","sticky":false,"template":"","format":"standard","meta":[],"categories":[13],"tags":[363,622,624,735,840],"_links":{"self":[{"href":"https:\/\/blogs.hoy.es\/moterosdehoy\/wp-json\/wp\/v2\/posts\/2005"}],"collection":[{"href":"https:\/\/blogs.hoy.es\/moterosdehoy\/wp-json\/wp\/v2\/posts"}],"about":[{"href":"https:\/\/blogs.hoy.es\/moterosdehoy\/wp-json\/wp\/v2\/types\/post"}],"author":[{"embeddable":true,"href":"https:\/\/blogs.hoy.es\/moterosdehoy\/wp-json\/wp\/v2\/users\/49"}],"replies":[{"embeddable":true,"href":"https:\/\/blogs.hoy.es\/moterosdehoy\/wp-json\/wp\/v2\/comments?post=2005"}],"version-history":[{"count":0,"href":"https:\/\/blogs.hoy.es\/moterosdehoy\/wp-json\/wp\/v2\/posts\/2005\/revisions"}],"wp:attachment":[{"href":"https:\/\/blogs.hoy.es\/moterosdehoy\/wp-json\/wp\/v2\/media?parent=2005"}],"wp:term":[{"taxonomy":"category","embeddable":true,"href":"https:\/\/blogs.hoy.es\/moterosdehoy\/wp-json\/wp\/v2\/categories?post=2005"},{"taxonomy":"post_tag","embeddable":true,"href":"https:\/\/blogs.hoy.es\/moterosdehoy\/wp-json\/wp\/v2\/tags?post=2005"}],"curies":[{"name":"wp","href":"https:\/\/api.w.org\/{rel}","templated":true}]}}