{"id":2008,"date":"2016-09-29T16:20:48","date_gmt":"2016-09-29T16:20:48","guid":{"rendered":"http:\/\/blogs.hoy.es\/moterosdehoy\/?p=2008"},"modified":"2016-09-29T16:20:48","modified_gmt":"2016-09-29T16:20:48","slug":"harley-and-the-davidsons","status":"publish","type":"post","link":"https:\/\/blogs.hoy.es\/moterosdehoy\/2016\/09\/29\/harley-and-the-davidsons\/","title":{"rendered":"Harley and the Davidsons"},"content":{"rendered":"<p>El fin de semana del viernes 30 de septiembre al domingo 2 de octubre, ser\u00e1 un fin de semana televisivo para los Harlistas.<\/p>\n<p><a href=\"\/moterosdehoy\/wp-content\/uploads\/sites\/45\/2016\/09\/Harley-Davidson-logo.jpg\"><img loading=\"lazy\" class=\"alignleft size-medium wp-image-2009\" title=\"Harley Davidson logo\" src=\"\/moterosdehoy\/wp-content\/uploads\/sites\/45\/2016\/09\/Harley-Davidson-logo.jpg\" alt=\"\" width=\"300\" height=\"247\" srcset=\"https:\/\/static-blogs.hoy.es\/wp-content\/uploads\/sites\/45\/2016\/09\/Harley-Davidson-logo.jpg 800w, https:\/\/static-blogs.hoy.es\/wp-content\/uploads\/sites\/45\/2016\/09\/Harley-Davidson-logo-300x247.jpg 300w, https:\/\/static-blogs.hoy.es\/wp-content\/uploads\/sites\/45\/2016\/09\/Harley-Davidson-logo-768x633.jpg 768w\" sizes=\"(max-width: 300px) 100vw, 300px\" \/><\/a>Tras un gran \u00e9xito en Estados Unidos la s\u00e9rie &#8220;Harley and the Davidsons&#8221; se estrenar\u00e1 en nuestro pa\u00eds. En nuestro caso nos lo pasar\u00e1 por pantalla el canal Discovery Channel. Se trata de un breve documental de tres episodios, en los que nos muestran los complicados comienzos de la marca como taller familiar de los hermanos Walter, Bill y Arthur Davidson, ide\u00f3logos del s\u00edmbolo americano nacido en Milwaukee, super conocida como <a title=\"Harley Davidson en wikipedia\" href=\"https:\/\/es.wikipedia.org\/wiki\/Harley-Davidson\" target=\"_blank\" rel=\"external nofollow\">Harley Davidson<\/a>.<!--more--><\/p>\n<p>Remont\u00e1ndonos a 1903, Walter vio en esta aventura algo para escapar de las reglas establecidas, Bill era el manitas mec\u00e1nico y Arthur quer\u00eda labrar su buen nombre. Lo que les llev\u00f3 a crear una motocicleta adaptable a todo tipo de situaciones (viento, agua o terrenos de asfalto muy peligrosos). Incluso en la \u00e9poca de crisis durante la Gran Depresi\u00f3n, este modelo de negocio tan diferente sobrevivi\u00f3 a las dificultades.<a href=\"\/moterosdehoy\/wp-content\/uploads\/sites\/45\/2016\/09\/1911_Harley-Davidson_Model_7D_3_-_The_Art_of_the_Motorcycle_-_Memphis.jpg\"><img loading=\"lazy\" class=\"alignright size-medium wp-image-2010\" title=\"OLYMPUS DIGITAL CAMERA\" src=\"\/moterosdehoy\/wp-content\/uploads\/sites\/45\/2016\/09\/1911_Harley-Davidson_Model_7D_3_-_The_Art_of_the_Motorcycle_-_Memphis.jpg\" alt=\"\" width=\"300\" height=\"232\" srcset=\"https:\/\/static-blogs.hoy.es\/wp-content\/uploads\/sites\/45\/2016\/09\/1911_Harley-Davidson_Model_7D_3_-_The_Art_of_the_Motorcycle_-_Memphis.jpg 800w, https:\/\/static-blogs.hoy.es\/wp-content\/uploads\/sites\/45\/2016\/09\/1911_Harley-Davidson_Model_7D_3_-_The_Art_of_the_Motorcycle_-_Memphis-300x233.jpg 300w, https:\/\/static-blogs.hoy.es\/wp-content\/uploads\/sites\/45\/2016\/09\/1911_Harley-Davidson_Model_7D_3_-_The_Art_of_the_Motorcycle_-_Memphis-768x595.jpg 768w\" sizes=\"(max-width: 300px) 100vw, 300px\" \/><\/a><\/p>\n<p>El documental pretende mostrar esas vivencias que llegaron a convertir la conocida marca en todo un s\u00edmbolo, un peque\u00f1o proyecto que ha finalizado en un boom de ventas a nivel mundial.<\/p>\n<p>Saludos y r\u00e1fagas.<\/p>\n<!-- AddThis Advanced Settings generic via filter on the_content --><!-- AddThis Share Buttons generic via filter on the_content -->","protected":false},"excerpt":{"rendered":"<p>El fin de semana del viernes 30 de septiembre al domingo 2 de octubre, ser\u00e1 un fin de semana televisivo para los Harlistas. Tras un gran \u00e9xito en Estados Unidos la s\u00e9rie &#8220;Harley and the Davidsons&#8221; se estrenar\u00e1 en nuestro pa\u00eds. En nuestro caso nos lo pasar\u00e1 por pantalla el canal Discovery Channel. Se trata [&hellip;]<!-- AddThis Advanced Settings generic via filter on get_the_excerpt --><!-- AddThis Share Buttons generic via filter on get_the_excerpt --><\/p>\n","protected":false},"author":49,"featured_media":0,"comment_status":"open","ping_status":"closed","sticky":false,"template":"","format":"standard","meta":[],"categories":[13],"tags":[341,452,453,622],"_links":{"self":[{"href":"https:\/\/blogs.hoy.es\/moterosdehoy\/wp-json\/wp\/v2\/posts\/2008"}],"collection":[{"href":"https:\/\/blogs.hoy.es\/moterosdehoy\/wp-json\/wp\/v2\/posts"}],"about":[{"href":"https:\/\/blogs.hoy.es\/moterosdehoy\/wp-json\/wp\/v2\/types\/post"}],"author":[{"embeddable":true,"href":"https:\/\/blogs.hoy.es\/moterosdehoy\/wp-json\/wp\/v2\/users\/49"}],"replies":[{"embeddable":true,"href":"https:\/\/blogs.hoy.es\/moterosdehoy\/wp-json\/wp\/v2\/comments?post=2008"}],"version-history":[{"count":0,"href":"https:\/\/blogs.hoy.es\/moterosdehoy\/wp-json\/wp\/v2\/posts\/2008\/revisions"}],"wp:attachment":[{"href":"https:\/\/blogs.hoy.es\/moterosdehoy\/wp-json\/wp\/v2\/media?parent=2008"}],"wp:term":[{"taxonomy":"category","embeddable":true,"href":"https:\/\/blogs.hoy.es\/moterosdehoy\/wp-json\/wp\/v2\/categories?post=2008"},{"taxonomy":"post_tag","embeddable":true,"href":"https:\/\/blogs.hoy.es\/moterosdehoy\/wp-json\/wp\/v2\/tags?post=2008"}],"curies":[{"name":"wp","href":"https:\/\/api.w.org\/{rel}","templated":true}]}}