{"id":2012,"date":"2016-10-06T17:32:26","date_gmt":"2016-10-06T17:32:26","guid":{"rendered":"http:\/\/blogs.hoy.es\/moterosdehoy\/?p=2012"},"modified":"2016-10-06T17:32:26","modified_gmt":"2016-10-06T17:32:26","slug":"concentracion-motera-en-ribera-del-fresno-2","status":"publish","type":"post","link":"https:\/\/blogs.hoy.es\/moterosdehoy\/2016\/10\/06\/concentracion-motera-en-ribera-del-fresno-2\/","title":{"rendered":"Concentraci\u00f3n motera en Ribera del Fresno"},"content":{"rendered":"<p>La pe\u00f1a motera &#8220;Los Compadres&#8221; de la localidad de <a title=\"Ribera del Fresno en wikipedia\" href=\"https:\/\/es.wikipedia.org\/wiki\/Ribera_del_Fresno\" target=\"_blank\" rel=\"external nofollow\">Ribera del Fresno<\/a> (Badajoz), nos trae su octava concentraci\u00f3n motera.<\/p>\n<p><a href=\"\/moterosdehoy\/wp-content\/uploads\/sites\/45\/2016\/10\/2016-10-Ribera-del-Fresno.jpg\"><img loading=\"lazy\" class=\"alignleft size-medium wp-image-2014\" title=\"2016-10 Ribera del Fresno\" src=\"\/moterosdehoy\/wp-content\/uploads\/sites\/45\/2016\/10\/2016-10-Ribera-del-Fresno.jpg\" alt=\"\" width=\"213\" height=\"300\" srcset=\"https:\/\/static-blogs.hoy.es\/wp-content\/uploads\/sites\/45\/2016\/10\/2016-10-Ribera-del-Fresno.jpg 683w, https:\/\/static-blogs.hoy.es\/wp-content\/uploads\/sites\/45\/2016\/10\/2016-10-Ribera-del-Fresno-213x300.jpg 213w\" sizes=\"(max-width: 213px) 100vw, 213px\" \/><\/a>El fin de semana de los d\u00edas 8 y 9 de octubre &#8220;Los Compadres&#8221; nos han preparado su 8\u00aa Concentraci\u00f3n Motera, como en ediciones anteriores tendr\u00e1 lugar en su localidad y por supuesto no faltar\u00e1n conciertos, rutas, regalos y juegos.<!--more--><\/p>\n<p>El s\u00e1bado d\u00eda 8 la concentraci\u00f3n comenzar\u00e1 por la tarde a las 17:00 horas, continuando con ruta bar\u00edtima, cena y conciertos. Ser\u00e1 como una abrir de boca para el domingo, d\u00eda grande de la concentraci\u00f3n.<\/p>\n<p>Para el domingo nos tienen preparada una ruta por la comarca, y despu\u00e9s de la comida, sobre las 17 horas, la famosa quema del compadre.<\/p>\n<p>En el cartel del evento ten\u00e9is todo el programa, con sus horarios.<\/p>\n<p>Habr\u00e1n dos tipos de\u00a0<strong>inscripciones<\/strong>, una de un d\u00eda por\u00a0<strong>7\u20ac y<\/strong>\u00a0una de fin de semana de\u00a0<strong>12\u20ac<\/strong>, lo que te dar\u00e1 acceso a acampada dentro de zona cerrada.<\/p>\n<p>Ser\u00e1 todo un fin de semana cargado de buen ambiente y fiesta motera, p\u00e1sate y no te arrepentir\u00e1s.<\/p>\n<p>Saludos y r\u00e1fagas.<\/p>\n<p>&nbsp;<\/p>\n<!-- AddThis Advanced Settings generic via filter on the_content --><!-- AddThis Share Buttons generic via filter on the_content -->","protected":false},"excerpt":{"rendered":"<p>La pe\u00f1a motera &#8220;Los Compadres&#8221; de la localidad de Ribera del Fresno (Badajoz), nos trae su octava concentraci\u00f3n motera. El fin de semana de los d\u00edas 8 y 9 de octubre &#8220;Los Compadres&#8221; nos han preparado su 8\u00aa Concentraci\u00f3n Motera, como en ediciones anteriores tendr\u00e1 lugar en su localidad y por supuesto no faltar\u00e1n conciertos, [&hellip;]<!-- AddThis Advanced Settings generic via filter on get_the_excerpt --><!-- AddThis Share Buttons generic via filter on get_the_excerpt --><\/p>\n","protected":false},"author":49,"featured_media":0,"comment_status":"open","ping_status":"closed","sticky":false,"template":"","format":"standard","meta":[],"categories":[13],"tags":[382,578,609,622,664,843],"_links":{"self":[{"href":"https:\/\/blogs.hoy.es\/moterosdehoy\/wp-json\/wp\/v2\/posts\/2012"}],"collection":[{"href":"https:\/\/blogs.hoy.es\/moterosdehoy\/wp-json\/wp\/v2\/posts"}],"about":[{"href":"https:\/\/blogs.hoy.es\/moterosdehoy\/wp-json\/wp\/v2\/types\/post"}],"author":[{"embeddable":true,"href":"https:\/\/blogs.hoy.es\/moterosdehoy\/wp-json\/wp\/v2\/users\/49"}],"replies":[{"embeddable":true,"href":"https:\/\/blogs.hoy.es\/moterosdehoy\/wp-json\/wp\/v2\/comments?post=2012"}],"version-history":[{"count":0,"href":"https:\/\/blogs.hoy.es\/moterosdehoy\/wp-json\/wp\/v2\/posts\/2012\/revisions"}],"wp:attachment":[{"href":"https:\/\/blogs.hoy.es\/moterosdehoy\/wp-json\/wp\/v2\/media?parent=2012"}],"wp:term":[{"taxonomy":"category","embeddable":true,"href":"https:\/\/blogs.hoy.es\/moterosdehoy\/wp-json\/wp\/v2\/categories?post=2012"},{"taxonomy":"post_tag","embeddable":true,"href":"https:\/\/blogs.hoy.es\/moterosdehoy\/wp-json\/wp\/v2\/tags?post=2012"}],"curies":[{"name":"wp","href":"https:\/\/api.w.org\/{rel}","templated":true}]}}