{"id":2018,"date":"2016-10-11T15:05:34","date_gmt":"2016-10-11T15:05:34","guid":{"rendered":"http:\/\/blogs.hoy.es\/moterosdehoy\/?p=2018"},"modified":"2016-10-11T15:05:34","modified_gmt":"2016-10-11T15:05:34","slug":"decima-quedada-motera-en-castuera","status":"publish","type":"post","link":"https:\/\/blogs.hoy.es\/moterosdehoy\/2016\/10\/11\/decima-quedada-motera-en-castuera\/","title":{"rendered":"D\u00e9cima quedada motera en Castuera"},"content":{"rendered":"<p>El motoclub &#8220;La Serena&#8221; de la localidad de <a title=\"Castuera en wikipedia\" href=\"https:\/\/es.wikipedia.org\/wiki\/Castuera\" target=\"_blank\" rel=\"external nofollow\">Castuera<\/a> (Badajoz), nos ha preparado su d\u00e9cima quedada motera.<\/p>\n<p><a href=\"\/moterosdehoy\/wp-content\/uploads\/sites\/45\/2016\/10\/2016-10-Castuera.jpg\"><img loading=\"lazy\" class=\"alignleft size-medium wp-image-2019\" title=\"2016-10 Castuera\" src=\"\/moterosdehoy\/wp-content\/uploads\/sites\/45\/2016\/10\/2016-10-Castuera.jpg\" alt=\"\" width=\"204\" height=\"300\" srcset=\"https:\/\/static-blogs.hoy.es\/wp-content\/uploads\/sites\/45\/2016\/10\/2016-10-Castuera.jpg 653w, https:\/\/static-blogs.hoy.es\/wp-content\/uploads\/sites\/45\/2016\/10\/2016-10-Castuera-204x300.jpg 204w\" sizes=\"(max-width: 204px) 100vw, 204px\" \/><\/a>Tendr\u00e1 lugar el <strong>domingo d\u00eda 16 de octubre<\/strong> y como en ediciones anteriores tendr\u00e1 lugar en su localidad, realizando una ruta de unos 110 km.<!--more--><\/p>\n<p>Dentro del programa tienen previsto:<\/p>\n<p>&#8211; 9:00: Apertura inscripciones y desayuno.\u00a0Churros, chocolate, caf\u00e9, cola-cao&#8230;.<br \/>\n&#8211; 11:15 Salida Ruta.\u00a0\u00a0Castuera &#8211; Cabeza Del Buey &#8211; Puebla de Alcocer PARADA, en Bar Anafre, aperitivos y refrescos. Para continuar de\u00a0Puebla de Alcocer hacia Castuera.<br \/>\n&#8211; 13:30: Juegos moteros, aperitivos y refrescos.<br \/>\n&#8211; 14:30: Comida, primero y segundo plato.<\/p>\n<p>Para finalizar sorteos y despedida.<\/p>\n<p>Si quieres inscribirte por <strong>12\u20ac<\/strong> tendr\u00e1s acceso a esos sorteos y regalos.<\/p>\n<p>Un domingo motero con una bonita ruta. Ese mismo d\u00eda hay varias concentraciones y quedadas en la comunidad, de seguro que te unes a alguna de ellas. Para ver otros <a title=\"Eventos moteros de octubre\" href=\"http:\/\/www.moterosdehoy.es\/2016\/10\/06\/concentraciones-y-kdds-moteras-octubre-2016\/#more-2521\" target=\"_blank\" rel=\"external nofollow\">eventos moteros de octubre clic aqu\u00ed<\/a>.<\/p>\n<p>Saludos y r\u00e1fagas.<\/p>\n<!-- AddThis Advanced Settings generic via filter on the_content --><!-- AddThis Share Buttons generic via filter on the_content -->","protected":false},"excerpt":{"rendered":"<p>El motoclub &#8220;La Serena&#8221; de la localidad de Castuera (Badajoz), nos ha preparado su d\u00e9cima quedada motera. Tendr\u00e1 lugar el domingo d\u00eda 16 de octubre y como en ediciones anteriores tendr\u00e1 lugar en su localidad, realizando una ruta de unos 110 km.<!-- AddThis Advanced Settings generic via filter on get_the_excerpt --><!-- AddThis Share Buttons generic via filter on get_the_excerpt --><\/p>\n","protected":false},"author":49,"featured_media":0,"comment_status":"open","ping_status":"closed","sticky":false,"template":"","format":"standard","meta":[],"categories":[13],"tags":[622,655,683,816],"_links":{"self":[{"href":"https:\/\/blogs.hoy.es\/moterosdehoy\/wp-json\/wp\/v2\/posts\/2018"}],"collection":[{"href":"https:\/\/blogs.hoy.es\/moterosdehoy\/wp-json\/wp\/v2\/posts"}],"about":[{"href":"https:\/\/blogs.hoy.es\/moterosdehoy\/wp-json\/wp\/v2\/types\/post"}],"author":[{"embeddable":true,"href":"https:\/\/blogs.hoy.es\/moterosdehoy\/wp-json\/wp\/v2\/users\/49"}],"replies":[{"embeddable":true,"href":"https:\/\/blogs.hoy.es\/moterosdehoy\/wp-json\/wp\/v2\/comments?post=2018"}],"version-history":[{"count":0,"href":"https:\/\/blogs.hoy.es\/moterosdehoy\/wp-json\/wp\/v2\/posts\/2018\/revisions"}],"wp:attachment":[{"href":"https:\/\/blogs.hoy.es\/moterosdehoy\/wp-json\/wp\/v2\/media?parent=2018"}],"wp:term":[{"taxonomy":"category","embeddable":true,"href":"https:\/\/blogs.hoy.es\/moterosdehoy\/wp-json\/wp\/v2\/categories?post=2018"},{"taxonomy":"post_tag","embeddable":true,"href":"https:\/\/blogs.hoy.es\/moterosdehoy\/wp-json\/wp\/v2\/tags?post=2018"}],"curies":[{"name":"wp","href":"https:\/\/api.w.org\/{rel}","templated":true}]}}